{"id":26628,"date":"2018-04-19T09:03:53","date_gmt":"2018-04-19T12:03:53","guid":{"rendered":"http:\/\/www.sincomam.org.br\/?p=26628"},"modified":"2018-04-19T09:03:53","modified_gmt":"2018-04-19T12:03:53","slug":"stf-abre-brecha-para-recurso-extra-em-julgamentos","status":"publish","type":"post","link":"https:\/\/www.sincomam.org.br\/index.php\/stf-abre-brecha-para-recurso-extra-em-julgamentos\/","title":{"rendered":"STF abre brecha para recurso extra em julgamentos"},"content":{"rendered":"<p>O Supremo Tribunal Federal (STF) formou maioria para permitir que pol\u00edticos condenados pela Primeira e Segunda Turmas da Corte possam entrar com embargos infringentes (um tipo de recurso), caso os julgamentos n\u00e3o tenham resultado un\u00e2nime. Na pr\u00e1tica, isso pode prolongar a tramita\u00e7\u00e3o de a\u00e7\u00f5es penais contra parlamentares e at\u00e9 postergar o in\u00edcio do cumprimento de penas.<\/p>\n<p>O entendimento pode beneficiar pol\u00edticos na mira da Opera\u00e7\u00e3o Lava Jato que j\u00e1 se tornaram r\u00e9us perante o STF, como os senadores A\u00e9cio Neves (PSDB-MG), Gleisi Hoffmann (PT-PR) e Romero Juc\u00e1 (MDB-RR). Segundo ministros e auxiliares do STF, os embargos poderiam ser levados ao plen\u00e1rio, mas a quest\u00e3o ainda est\u00e1 em aberto e deve ser definida nesta quinta-feira, 19, em nova sess\u00e3o plen\u00e1ria.<\/p>\n<p><span>A controv\u00e9rsia se deve ao fato de o regimento interno do STF prever que, nos casos julgados pelos 11 integrantes da Corte em plen\u00e1rio, s\u00e3o necess\u00e1rios pelo menos quatro votos favor\u00e1veis ao r\u00e9u para que esse recurso seja cab\u00edvel. No entanto, n\u00e3o h\u00e1 uma previs\u00e3o regimental sobre os processos apreciados pelas Turmas (composta por cinco membros cada), que s\u00e3o respons\u00e1veis por julgar as a\u00e7\u00f5es penais contra deputados federais, senadores e ministros, por exemplo.<br \/><\/span><\/p>\n<p>O debate sobre a validade ou n\u00e3o dos embargos infringentes foi feita na sess\u00e3o em que se discutiu a admissibilidade de recurso do deputado federal Paulo Maluf (PP-SP), que contesta a decis\u00e3o da Primeira Turma do STF que o condenou a 7 anos, 9 meses e 10 dias de pris\u00e3o em regime fechado.<\/p>\n<p>Maluf foi condenado pela acusa\u00e7\u00e3o de desvio de dinheiro de obras p\u00fablicas e remessas ilegais ao exterior, por meio da atua\u00e7\u00e3o de doleiros, quando ele ainda era prefeito de S\u00e3o Paulo. Este julgamento ser\u00e1 retomado nesta quinta \u2013 at\u00e9 agora, quatro ministros se manifestaram contra a admissibilidade do recurso de Maluf e tr\u00eas, a favor.<\/p>\n<p><span><\/span>Fonte: Isto \u00c9<\/p>\n","protected":false},"excerpt":{"rendered":"<p>O Supremo Tribunal Federal (STF) formou maioria para permitir que pol\u00edticos condenados pela Primeira e Segunda Turmas da Corte possam entrar com embargos infringentes (um&#8230;<\/p>\n","protected":false},"author":1182,"featured_media":18331,"comment_status":"closed","ping_status":"closed","sticky":false,"template":"","format":"standard","meta":{"footnotes":""},"categories":[6],"tags":[],"class_list":["post-26628","post","type-post","status-publish","format-standard","has-post-thumbnail","hentry","category-noticias"],"_links":{"self":[{"href":"https:\/\/www.sincomam.org.br\/index.php\/wp-json\/wp\/v2\/posts\/26628","targetHints":{"allow":["GET"]}}],"collection":[{"href":"https:\/\/www.sincomam.org.br\/index.php\/wp-json\/wp\/v2\/posts"}],"about":[{"href":"https:\/\/www.sincomam.org.br\/index.php\/wp-json\/wp\/v2\/types\/post"}],"author":[{"embeddable":true,"href":"https:\/\/www.sincomam.org.br\/index.php\/wp-json\/wp\/v2\/users\/1182"}],"replies":[{"embeddable":true,"href":"https:\/\/www.sincomam.org.br\/index.php\/wp-json\/wp\/v2\/comments?post=26628"}],"version-history":[{"count":1,"href":"https:\/\/www.sincomam.org.br\/index.php\/wp-json\/wp\/v2\/posts\/26628\/revisions"}],"predecessor-version":[{"id":26629,"href":"https:\/\/www.sincomam.org.br\/index.php\/wp-json\/wp\/v2\/posts\/26628\/revisions\/26629"}],"wp:featuredmedia":[{"embeddable":true,"href":"https:\/\/www.sincomam.org.br\/index.php\/wp-json\/wp\/v2\/media\/18331"}],"wp:attachment":[{"href":"https:\/\/www.sincomam.org.br\/index.php\/wp-json\/wp\/v2\/media?parent=26628"}],"wp:term":[{"taxonomy":"category","embeddable":true,"href":"https:\/\/www.sincomam.org.br\/index.php\/wp-json\/wp\/v2\/categories?post=26628"},{"taxonomy":"post_tag","embeddable":true,"href":"https:\/\/www.sincomam.org.br\/index.php\/wp-json\/wp\/v2\/tags?post=26628"}],"curies":[{"name":"wp","href":"https:\/\/api.w.org\/{rel}","templated":true}]}}