{"id":26611,"date":"2018-04-17T00:18:13","date_gmt":"2018-04-17T03:18:13","guid":{"rendered":"http:\/\/www.sincomam.org.br\/?p=26611"},"modified":"2018-04-17T08:19:37","modified_gmt":"2018-04-17T11:19:37","slug":"vale-reduz-producao-de-minerio-de-ferro-em-49-no-1o-tri-vendas-crescem","status":"publish","type":"post","link":"https:\/\/www.sincomam.org.br\/index.php\/vale-reduz-producao-de-minerio-de-ferro-em-49-no-1o-tri-vendas-crescem\/","title":{"rendered":"Vale reduz produ\u00e7\u00e3o de min\u00e9rio de ferro em 4,9% no 1\u00ba tri; vendas crescem"},"content":{"rendered":"<p>A produ\u00e7\u00e3o de min\u00e9rio de ferro da Vale caiu 4,9% no primeiro trimestre ante o mesmo per\u00edodo de 2017, para 81,95 milh\u00f5es de toneladas, devido principalmente \u00e0 decis\u00e3o de reduzir a produ\u00e7\u00e3o de produtos de menor qualidade e a chuvas intensas, informou a empresa nesta segunda-feira (16).<\/p>\n<p>Na compara\u00e7\u00e3o com o quarto trimestre de 2017, a produ\u00e7\u00e3o caiu 12,2%.<\/p>\n<p>Entretanto, segundo a Vale, as vendas da commodity cresceram 9% nos primeiros tr\u00eas meses do ano em rela\u00e7\u00e3o ao mesmo per\u00edodo do ano passado, para 71,221 milh\u00f5es de toneladas.<\/p>\n<p>Com isso, os volumes de venda de min\u00e9rio de ferro e pelotas atingiram um recorde de 84,3 milh\u00f5es de toneladas para um primeiro trimestre, alta de 6,4 milh\u00f5es de toneladas ante o mesmo per\u00edodo do ano passado.<\/p>\n<p>A alta das vendas, segundo a Vale, ocorreu como resultado da flexibilidade e gest\u00e3o ativa da cadeia de log\u00edstica, que contribuiu para a realiza\u00e7\u00e3o de pre\u00e7o e margem.<\/p>\n<p>&#8220;O mix de vendas da Vale melhorou substancialmente ano contra ano, como resultado do &#8216;ramp up&#8217; de S11D e da decis\u00e3o de reduzir progressivamente a produ\u00e7\u00e3o de min\u00e9rio de baixa qualidade&#8221;, disse a companhia em seu relat\u00f3rio de produ\u00e7\u00e3o.<\/p>\n<p>A participa\u00e7\u00e3o da venda de pelotas, finos de Caraj\u00e1s e min\u00e9rio blendado aumentou para 76 por cento no primeiro trimestre, contra os 67% sobre as vendas totais ante o mesmo per\u00edodo do ano passado.<\/p>\n<p>Consequentemente, apontou a Vale, o mix de vendas dos produtos da Vale alavancou o impacto do pr\u00eamio de mercado, levando a um aumento na qualidade e pr\u00eamio m\u00e9dio do pre\u00e7o &#8220;CFR\/FOB wmt&#8217; realizado, que totalizou US$ 5,2 por tonelada no primeiro trimestre deste ano, ante US$ 2,3 no primeiro trimestre de 2017.<\/p>\n<p>Fonte: G1<\/p>\n","protected":false},"excerpt":{"rendered":"<p>A produ\u00e7\u00e3o de min\u00e9rio de ferro da Vale caiu 4,9% no primeiro trimestre ante o mesmo per\u00edodo de 2017, para 81,95 milh\u00f5es de toneladas, devido&#8230;<\/p>\n","protected":false},"author":1182,"featured_media":20872,"comment_status":"closed","ping_status":"closed","sticky":false,"template":"","format":"standard","meta":{"footnotes":""},"categories":[6],"tags":[],"class_list":["post-26611","post","type-post","status-publish","format-standard","has-post-thumbnail","hentry","category-noticias"],"_links":{"self":[{"href":"https:\/\/www.sincomam.org.br\/index.php\/wp-json\/wp\/v2\/posts\/26611","targetHints":{"allow":["GET"]}}],"collection":[{"href":"https:\/\/www.sincomam.org.br\/index.php\/wp-json\/wp\/v2\/posts"}],"about":[{"href":"https:\/\/www.sincomam.org.br\/index.php\/wp-json\/wp\/v2\/types\/post"}],"author":[{"embeddable":true,"href":"https:\/\/www.sincomam.org.br\/index.php\/wp-json\/wp\/v2\/users\/1182"}],"replies":[{"embeddable":true,"href":"https:\/\/www.sincomam.org.br\/index.php\/wp-json\/wp\/v2\/comments?post=26611"}],"version-history":[{"count":1,"href":"https:\/\/www.sincomam.org.br\/index.php\/wp-json\/wp\/v2\/posts\/26611\/revisions"}],"predecessor-version":[{"id":26612,"href":"https:\/\/www.sincomam.org.br\/index.php\/wp-json\/wp\/v2\/posts\/26611\/revisions\/26612"}],"wp:featuredmedia":[{"embeddable":true,"href":"https:\/\/www.sincomam.org.br\/index.php\/wp-json\/wp\/v2\/media\/20872"}],"wp:attachment":[{"href":"https:\/\/www.sincomam.org.br\/index.php\/wp-json\/wp\/v2\/media?parent=26611"}],"wp:term":[{"taxonomy":"category","embeddable":true,"href":"https:\/\/www.sincomam.org.br\/index.php\/wp-json\/wp\/v2\/categories?post=26611"},{"taxonomy":"post_tag","embeddable":true,"href":"https:\/\/www.sincomam.org.br\/index.php\/wp-json\/wp\/v2\/tags?post=26611"}],"curies":[{"name":"wp","href":"https:\/\/api.w.org\/{rel}","templated":true}]}}