{"id":26605,"date":"2018-04-17T08:13:49","date_gmt":"2018-04-17T11:13:49","guid":{"rendered":"http:\/\/www.sincomam.org.br\/?p=26605"},"modified":"2018-04-17T08:13:49","modified_gmt":"2018-04-17T11:13:49","slug":"greenpeace-aponta-corais-em-blocos-operados-pela-total-na-foz-do-rio-amazonas","status":"publish","type":"post","link":"https:\/\/www.sincomam.org.br\/index.php\/greenpeace-aponta-corais-em-blocos-operados-pela-total-na-foz-do-rio-amazonas\/","title":{"rendered":"Greenpeace aponta corais em blocos operados pela Total na Foz do Rio Amazonas"},"content":{"rendered":"<p>Cientistas a bordo de um navio do Greenpeace documentaram a exist\u00eancia de corais na \u00e1rea onde a petroleira francesa Total planeja explorar petr\u00f3leo, a 120 km da costa norte do Brasil, afirmou a organiza\u00e7\u00e3o ambiental em nota nesta segunda-feira.<\/p>\n<p>\u201cA presen\u00e7a de rodolitos, algas calc\u00e1rias que formam o habitat para peixes e outras esp\u00e9cies do recife, confirmam que os Corais da Amaz\u00f4nia se estendem para al\u00e9m do que era conhecido anteriormente, conforme ser\u00e1 publicado nos pr\u00f3ximos dias pela revista cient\u00edfica Frontiers in Marine Science\u201d, afirmou o Greenpeace.<\/p>\n<p>\u201cAgora que sabemos que os Corais da Amaz\u00f4nia se sobrep\u00f5em ao per\u00edmetro dos blocos da Total, n\u00e3o h\u00e1 outra op\u00e7\u00e3o para o governo brasileiro que n\u00e3o negar a licen\u00e7a da empresa para explorar petr\u00f3leo na regi\u00e3o\u201d, disse o especialista do Greenpeace em Energia Thiago Almeida, em nota.<\/p>\n<p>A Total \u00e9 a operadora de cinco blocos na Bacia da Foz do Rio Amazonas, adquiridos na 11\u00aa Rodada de licita\u00e7\u00e3o de blocos explorat\u00f3rios de petr\u00f3leo, em 2013, em parceria com a brasileira Petrobras e a brit\u00e2nica BP.<\/p>\n<p>No entanto, a explora\u00e7\u00e3o na regi\u00e3o enfrenta forte resist\u00eancia de ambientalistas, devido a presen\u00e7a de ecossistemas sens\u00edveis, como corais de \u00e1guas profundas, ainda pouco conhecidos na regi\u00e3o.<\/p>\n<p>A petroleira vem tentando, nos \u00faltimos anos, sem sucesso, obter licen\u00e7a do \u00f3rg\u00e3o ambiental federal Ibama para realizar perfura\u00e7\u00f5es explorat\u00f3rias em seus blocos.<\/p>\n<p>Procurada, a Total n\u00e3o respondeu imediatamente aos pedidos de coment\u00e1rios sobre a publica\u00e7\u00e3o do Greenpeace.<\/p>\n<p>No passado, a empresa havia informado que o programa inicial de explora\u00e7\u00e3o na bacia da Foz do Amazonas previa a perfura\u00e7\u00e3o de dois po\u00e7os, sendo o primeiro a 28 km e o segundo a 38 km de dist\u00e2ncia da forma\u00e7\u00e3o recifal mais pr\u00f3xima.<\/p>\n<p>Em um evento no Rio de Janeiro mais cedo, nesta segunda-feira, o diretor-geral da Total, Maxime Rabilloud, reiterou a jornalistas o interesse da petroleira no Brasil, destacando que ir\u00e1 avaliar todos os leil\u00f5es que possam ser realizados no pa\u00eds.<\/p>\n<p>No entanto, o executivo evitou responder perguntas relacionadas \u00e0 Foz do Rio Amazonas.<\/p>\n<p>Fonte:\u00a0 Reuters<\/p>\n<div class=\"jwDisqusForm\"><\/div>\n","protected":false},"excerpt":{"rendered":"<p>Cientistas a bordo de um navio do Greenpeace documentaram a exist\u00eancia de corais na \u00e1rea onde a petroleira francesa Total planeja explorar petr\u00f3leo, a 120&#8230;<\/p>\n","protected":false},"author":1182,"featured_media":6531,"comment_status":"closed","ping_status":"closed","sticky":false,"template":"","format":"standard","meta":{"footnotes":""},"categories":[6],"tags":[],"class_list":["post-26605","post","type-post","status-publish","format-standard","has-post-thumbnail","hentry","category-noticias"],"_links":{"self":[{"href":"https:\/\/www.sincomam.org.br\/index.php\/wp-json\/wp\/v2\/posts\/26605","targetHints":{"allow":["GET"]}}],"collection":[{"href":"https:\/\/www.sincomam.org.br\/index.php\/wp-json\/wp\/v2\/posts"}],"about":[{"href":"https:\/\/www.sincomam.org.br\/index.php\/wp-json\/wp\/v2\/types\/post"}],"author":[{"embeddable":true,"href":"https:\/\/www.sincomam.org.br\/index.php\/wp-json\/wp\/v2\/users\/1182"}],"replies":[{"embeddable":true,"href":"https:\/\/www.sincomam.org.br\/index.php\/wp-json\/wp\/v2\/comments?post=26605"}],"version-history":[{"count":1,"href":"https:\/\/www.sincomam.org.br\/index.php\/wp-json\/wp\/v2\/posts\/26605\/revisions"}],"predecessor-version":[{"id":26606,"href":"https:\/\/www.sincomam.org.br\/index.php\/wp-json\/wp\/v2\/posts\/26605\/revisions\/26606"}],"wp:featuredmedia":[{"embeddable":true,"href":"https:\/\/www.sincomam.org.br\/index.php\/wp-json\/wp\/v2\/media\/6531"}],"wp:attachment":[{"href":"https:\/\/www.sincomam.org.br\/index.php\/wp-json\/wp\/v2\/media?parent=26605"}],"wp:term":[{"taxonomy":"category","embeddable":true,"href":"https:\/\/www.sincomam.org.br\/index.php\/wp-json\/wp\/v2\/categories?post=26605"},{"taxonomy":"post_tag","embeddable":true,"href":"https:\/\/www.sincomam.org.br\/index.php\/wp-json\/wp\/v2\/tags?post=26605"}],"curies":[{"name":"wp","href":"https:\/\/api.w.org\/{rel}","templated":true}]}}