{"id":26591,"date":"2018-04-16T09:21:44","date_gmt":"2018-04-16T12:21:44","guid":{"rendered":"http:\/\/www.sincomam.org.br\/?p=26591"},"modified":"2018-04-16T09:21:44","modified_gmt":"2018-04-16T12:21:44","slug":"superintendencia-do-porto-de-itajai-organiza-novo-leilao-de-bens","status":"publish","type":"post","link":"https:\/\/www.sincomam.org.br\/index.php\/superintendencia-do-porto-de-itajai-organiza-novo-leilao-de-bens\/","title":{"rendered":"Superintend\u00eancia do Porto de Itaja\u00ed organiza novo leil\u00e3o de bens"},"content":{"rendered":"<p>A Superintend\u00eancia do Porto de Itaja\u00ed ir\u00e1 promover na pr\u00f3xima quinta-feira, 19 de abril, mais um Leil\u00e3o de produtos m\u00f3veis. De acordo com seu Edital n\u00ba 004\/18, ser\u00e3o 8 lotes dispon\u00edveis onde constam os seguintes bens: empilhadeiras, torno mec\u00e2nico e el\u00e9trico, prensa hidr\u00e1ulica mec\u00e2nica, l\u00e2minas de vidros, compressores de ar, entre outros equipamentos.<\/p>\n<p>Todos os itens, que se encontram na extinta oficina mec\u00e2nica do Porto de Itaja\u00ed, foram previamente avaliados e ser\u00e3o leiloados a um valor de venda acess\u00edvel. Segundo informa\u00e7\u00f5es dos membros da Comiss\u00e3o de Avalia\u00e7\u00f5es, todo o valor arrecadado com a venda dos produtos ser\u00e1 revertido em melhorias internas do porto p\u00fablico. O valor total de todos os bens est\u00e1 or\u00e7ado em R$ 66.700,00.<\/p>\n<p>O local da sess\u00e3o p\u00fablica ser\u00e1 realizado no Audit\u00f3rio &#8220;Martin Schmeling&#8221;, \u00e0s 14:30 horas, anexo \u00e0 sede Administrativa do Porto de Itaja\u00ed, localizado na Rua Blumenau, n\u00ba 05, Centro &#8211; Itaja\u00ed.<\/p>\n<p>Todos os lotes possuem valor m\u00ednimo de lance, n\u00e3o sendo poss\u00edvel realizar ofertas ao valor inferior e a sess\u00e3o est\u00e1 aberta para pessoas f\u00edsicas e jur\u00eddicas, mediante a apresenta\u00e7\u00e3o de documentos especificados no edital (original ou c\u00f3pia autenticada).<\/p>\n<p>Confira o edital pelo site do Porto de Itaja\u00ed no link abaixo e devida rela\u00e7\u00e3o dos bens a serem leiloados:<\/p>\n<p><a class=\"vglnk\" href=\"https:\/\/portoitajai.com.br\/openbuy\/portal\/licitacoes.php\" rel=\"nofollow\"><span>https<\/span><span>:\/\/<\/span><span>portoitajai<\/span><span>.<\/span><span>com<\/span><span>.<\/span><span>br<\/span><span>\/<\/span><span>openbuy<\/span><span>\/<\/span><span>portal<\/span><span>\/<\/span><span>licitacoes<\/span><span>.<\/span><span>php<\/span><\/a><\/p>\n","protected":false},"excerpt":{"rendered":"<p>A Superintend\u00eancia do Porto de Itaja\u00ed ir\u00e1 promover na pr\u00f3xima quinta-feira, 19 de abril, mais um Leil\u00e3o de produtos m\u00f3veis. De acordo com seu Edital&#8230;<\/p>\n","protected":false},"author":1182,"featured_media":6660,"comment_status":"closed","ping_status":"closed","sticky":false,"template":"","format":"standard","meta":{"footnotes":""},"categories":[6],"tags":[],"class_list":["post-26591","post","type-post","status-publish","format-standard","has-post-thumbnail","hentry","category-noticias"],"_links":{"self":[{"href":"https:\/\/www.sincomam.org.br\/index.php\/wp-json\/wp\/v2\/posts\/26591","targetHints":{"allow":["GET"]}}],"collection":[{"href":"https:\/\/www.sincomam.org.br\/index.php\/wp-json\/wp\/v2\/posts"}],"about":[{"href":"https:\/\/www.sincomam.org.br\/index.php\/wp-json\/wp\/v2\/types\/post"}],"author":[{"embeddable":true,"href":"https:\/\/www.sincomam.org.br\/index.php\/wp-json\/wp\/v2\/users\/1182"}],"replies":[{"embeddable":true,"href":"https:\/\/www.sincomam.org.br\/index.php\/wp-json\/wp\/v2\/comments?post=26591"}],"version-history":[{"count":1,"href":"https:\/\/www.sincomam.org.br\/index.php\/wp-json\/wp\/v2\/posts\/26591\/revisions"}],"predecessor-version":[{"id":26592,"href":"https:\/\/www.sincomam.org.br\/index.php\/wp-json\/wp\/v2\/posts\/26591\/revisions\/26592"}],"wp:featuredmedia":[{"embeddable":true,"href":"https:\/\/www.sincomam.org.br\/index.php\/wp-json\/wp\/v2\/media\/6660"}],"wp:attachment":[{"href":"https:\/\/www.sincomam.org.br\/index.php\/wp-json\/wp\/v2\/media?parent=26591"}],"wp:term":[{"taxonomy":"category","embeddable":true,"href":"https:\/\/www.sincomam.org.br\/index.php\/wp-json\/wp\/v2\/categories?post=26591"},{"taxonomy":"post_tag","embeddable":true,"href":"https:\/\/www.sincomam.org.br\/index.php\/wp-json\/wp\/v2\/tags?post=26591"}],"curies":[{"name":"wp","href":"https:\/\/api.w.org\/{rel}","templated":true}]}}