{"id":26587,"date":"2018-04-16T09:19:25","date_gmt":"2018-04-16T12:19:25","guid":{"rendered":"http:\/\/www.sincomam.org.br\/?p=26587"},"modified":"2018-04-16T09:19:25","modified_gmt":"2018-04-16T12:19:25","slug":"porto-de-cabedelo-embarca-18-mil-toneladas-de-ilmenita-para-europa","status":"publish","type":"post","link":"https:\/\/www.sincomam.org.br\/index.php\/porto-de-cabedelo-embarca-18-mil-toneladas-de-ilmenita-para-europa\/","title":{"rendered":"Porto de Cabedelo embarca 18 mil toneladas de ilmenita para Europa"},"content":{"rendered":"<p>O Porto de Cabedelo concluiu a opera\u00e7\u00e3o de embarque de 18 mil toneladas de min\u00e9rio ilmenita para a Europa. O min\u00e9rio tem como destino final a Fran\u00e7a e a Ucr\u00e2nia, por\u00e9m o embarque acontece do terminal paraibano at\u00e9 a cidade de Rotterdam, na Holanda, e de l\u00e1 segue para a Fran\u00e7a.\u00a0 Ainda este m\u00eas, mais 13 mil toneladas da ilmenita ser\u00e3o embarcadas para a Ucr\u00e2nia em outra opera\u00e7\u00e3o, totalizando 31 toneladas que ser\u00e3o exportadas.<\/p>\n<p>Essa primeira carga foi embarcada no navio graneleiro Lalinde, que atracou na \u00faltima sexta-feira, dia 6, no ber\u00e7o 107 do Porto de Cabedelo e permaneceu em opera\u00e7\u00e3o de embarque at\u00e9 essa quinta-feira (12), quando desatracou com destino a Rotterdam.<\/p>\n<p>A ilmenita \u00e9 o mineral de tit\u00e2nio de ocorr\u00eancia mais comum e abundante. 88% da produ\u00e7\u00e3o mundial de tit\u00e2nio \u00e9 obtida da ilmenita. No Brasil os principais munic\u00edpios produtores s\u00e3o: Mataraca (PB); S\u00e3o Francisco de Itabapoana (RJ) e Santa B\u00e1rbara de Goi\u00e1s (GO).<\/p>\n<p>A presidente da Companhia Docas da Para\u00edba (Docas-PB), Gilmara Tem\u00f3teo, ressaltou que o Porto de Cabedelo vem registrando aumento na movimenta\u00e7\u00e3o m\u00eas a m\u00eas, com destaque para a exporta\u00e7\u00e3o, uma vez que, mesmo tendo caracter\u00edstica importadora, no ano passado, o porto registrou um aumento de 60% nas exporta\u00e7\u00f5es.<\/p>\n<p>Al\u00e9m da ilmenita, o Porto de Cabedelo serve ainda como canal para escoar blocos de granito, tamb\u00e9m extra\u00eddo na Para\u00edba, que \u00e9 exportado para a It\u00e1lia.<\/p>\n<p>Fonte: WS Com<\/p>\n<div class=\"jwDisqusForm\"><\/div>\n","protected":false},"excerpt":{"rendered":"<p>O Porto de Cabedelo concluiu a opera\u00e7\u00e3o de embarque de 18 mil toneladas de min\u00e9rio ilmenita para a Europa. O min\u00e9rio tem como destino final&#8230;<\/p>\n","protected":false},"author":1182,"featured_media":10000,"comment_status":"closed","ping_status":"closed","sticky":false,"template":"","format":"standard","meta":{"footnotes":""},"categories":[6],"tags":[],"class_list":["post-26587","post","type-post","status-publish","format-standard","has-post-thumbnail","hentry","category-noticias"],"_links":{"self":[{"href":"https:\/\/www.sincomam.org.br\/index.php\/wp-json\/wp\/v2\/posts\/26587","targetHints":{"allow":["GET"]}}],"collection":[{"href":"https:\/\/www.sincomam.org.br\/index.php\/wp-json\/wp\/v2\/posts"}],"about":[{"href":"https:\/\/www.sincomam.org.br\/index.php\/wp-json\/wp\/v2\/types\/post"}],"author":[{"embeddable":true,"href":"https:\/\/www.sincomam.org.br\/index.php\/wp-json\/wp\/v2\/users\/1182"}],"replies":[{"embeddable":true,"href":"https:\/\/www.sincomam.org.br\/index.php\/wp-json\/wp\/v2\/comments?post=26587"}],"version-history":[{"count":1,"href":"https:\/\/www.sincomam.org.br\/index.php\/wp-json\/wp\/v2\/posts\/26587\/revisions"}],"predecessor-version":[{"id":26588,"href":"https:\/\/www.sincomam.org.br\/index.php\/wp-json\/wp\/v2\/posts\/26587\/revisions\/26588"}],"wp:featuredmedia":[{"embeddable":true,"href":"https:\/\/www.sincomam.org.br\/index.php\/wp-json\/wp\/v2\/media\/10000"}],"wp:attachment":[{"href":"https:\/\/www.sincomam.org.br\/index.php\/wp-json\/wp\/v2\/media?parent=26587"}],"wp:term":[{"taxonomy":"category","embeddable":true,"href":"https:\/\/www.sincomam.org.br\/index.php\/wp-json\/wp\/v2\/categories?post=26587"},{"taxonomy":"post_tag","embeddable":true,"href":"https:\/\/www.sincomam.org.br\/index.php\/wp-json\/wp\/v2\/tags?post=26587"}],"curies":[{"name":"wp","href":"https:\/\/api.w.org\/{rel}","templated":true}]}}