{"id":26570,"date":"2018-04-13T00:09:14","date_gmt":"2018-04-13T03:09:14","guid":{"rendered":"http:\/\/www.sincomam.org.br\/?p=26570"},"modified":"2018-04-12T11:11:43","modified_gmt":"2018-04-12T14:11:43","slug":"analistas-reduzem-previsao-de-deficit-primario-para-r-136103-bi-mostra-prisma","status":"publish","type":"post","link":"https:\/\/www.sincomam.org.br\/index.php\/analistas-reduzem-previsao-de-deficit-primario-para-r-136103-bi-mostra-prisma\/","title":{"rendered":"Analistas reduzem previs\u00e3o de d\u00e9ficit prim\u00e1rio para R$ 136,103 bi, mostra Prisma"},"content":{"rendered":"<p>Os analistas de mercado ouvidos pelo Minist\u00e9rio da Fazenda continuam prevendo que o governo entregar\u00e1 um d\u00e9ficit prim\u00e1rio neste ano menor que a meta fiscal negativa de R$ 159 bilh\u00f5es. De acordo com o boletim Prisma Fiscal de fevereiro, divulgado nesta quinta-feira, 12, pela Secretaria de Pol\u00edtica Econ\u00f4mica (SPE) da pasta, a mediana das previs\u00f5es passou de um rombo de R$ 139,132 bilh\u00f5es para um d\u00e9ficit de R$ 136,103 bilh\u00f5es.<\/p>\n<p>J\u00e1 para 2019, os analistas projetaram um d\u00e9ficit de R$ 107,304 bilh\u00f5es, ampliando a folga para a meta, que \u00e9 de R$ 139 bilh\u00f5es no negativo. No boletim de mar\u00e7o, as previs\u00f5es indicavam o saldo negativo de R$ 11,892 bilh\u00f5es para o pr\u00f3ximo ano. O governo detalhar\u00e1 nesta quinta o Projeto de Lei de Diretrizes Or\u00e7ament\u00e1rias (PLDO) de 2019.<\/p>\n<div id=\"aep-placement-5a0da350e9141e0004b74e2b\" class=\" aep-inline aep-root aep-ads aep-design-5a0a04d51424300004e98f48\">\n<div id=\"istoe-inline-879x284\" adm-controller=\"Pushdown\">O Prisma deste m\u00eas revisou para cima as previs\u00f5es do mercado para a arrecada\u00e7\u00e3o das receitas federais em 2018, com a estimativa passando de R$ 1,455 trilh\u00e3o para R$ 1,459 trilh\u00e3o. Para 2019, a proje\u00e7\u00e3o para a arrecada\u00e7\u00e3o tamb\u00e9m subiu, de R$ 1,569 trilh\u00e3o para R$ 1,578 trilh\u00e3o.<\/p>\n<p>A estimativa para a receita l\u00edquida do Governo Central neste ano passou de R$ 1,224 trilh\u00e3o para R$ 1,223 trilh\u00e3o, enquanto para o pr\u00f3ximo ano caiu de R$ 1,321 trilh\u00e3o para R$ 1,317 trilh\u00e3o.<\/p>\n<p>Pelo lado do gasto, a proje\u00e7\u00e3o de despesas totais do Governo Central este ano caiu de R$ 1,360 trilh\u00e3o para R$ 1,359 trilh\u00e3o. Para 2019, a estimativa subiu de R$ 1,420 trilh\u00e3o para R$ 1,422 trilh\u00e3o.<\/p>\n<p>A mediana das proje\u00e7\u00f5es dos analistas do Prisma para a D\u00edvida Bruta do Governo Geral ao fim de 2018 passou de 75,00% do PIB para 74,90% do PIB. Para 2019, a estimativa que estava em 76,95% do PIB caiu para 76,90% do PIB no relat\u00f3rio desta quinta.<\/p>\n<\/div>\n<\/div>\n<div id=\"admateria2\" data-google-query-id=\"CPG5uNT0tNoCFREjHwod4-EJuQ\"><\/div>\n","protected":false},"excerpt":{"rendered":"<p>Os analistas de mercado ouvidos pelo Minist\u00e9rio da Fazenda continuam prevendo que o governo entregar\u00e1 um d\u00e9ficit prim\u00e1rio neste ano menor que a meta fiscal&#8230;<\/p>\n","protected":false},"author":1182,"featured_media":18713,"comment_status":"closed","ping_status":"closed","sticky":false,"template":"","format":"standard","meta":{"footnotes":""},"categories":[6],"tags":[],"class_list":["post-26570","post","type-post","status-publish","format-standard","has-post-thumbnail","hentry","category-noticias"],"_links":{"self":[{"href":"https:\/\/www.sincomam.org.br\/index.php\/wp-json\/wp\/v2\/posts\/26570","targetHints":{"allow":["GET"]}}],"collection":[{"href":"https:\/\/www.sincomam.org.br\/index.php\/wp-json\/wp\/v2\/posts"}],"about":[{"href":"https:\/\/www.sincomam.org.br\/index.php\/wp-json\/wp\/v2\/types\/post"}],"author":[{"embeddable":true,"href":"https:\/\/www.sincomam.org.br\/index.php\/wp-json\/wp\/v2\/users\/1182"}],"replies":[{"embeddable":true,"href":"https:\/\/www.sincomam.org.br\/index.php\/wp-json\/wp\/v2\/comments?post=26570"}],"version-history":[{"count":1,"href":"https:\/\/www.sincomam.org.br\/index.php\/wp-json\/wp\/v2\/posts\/26570\/revisions"}],"predecessor-version":[{"id":26571,"href":"https:\/\/www.sincomam.org.br\/index.php\/wp-json\/wp\/v2\/posts\/26570\/revisions\/26571"}],"wp:featuredmedia":[{"embeddable":true,"href":"https:\/\/www.sincomam.org.br\/index.php\/wp-json\/wp\/v2\/media\/18713"}],"wp:attachment":[{"href":"https:\/\/www.sincomam.org.br\/index.php\/wp-json\/wp\/v2\/media?parent=26570"}],"wp:term":[{"taxonomy":"category","embeddable":true,"href":"https:\/\/www.sincomam.org.br\/index.php\/wp-json\/wp\/v2\/categories?post=26570"},{"taxonomy":"post_tag","embeddable":true,"href":"https:\/\/www.sincomam.org.br\/index.php\/wp-json\/wp\/v2\/tags?post=26570"}],"curies":[{"name":"wp","href":"https:\/\/api.w.org\/{rel}","templated":true}]}}