{"id":26568,"date":"2018-04-13T00:10:03","date_gmt":"2018-04-13T03:10:03","guid":{"rendered":"http:\/\/www.sincomam.org.br\/?p=26568"},"modified":"2018-04-12T11:00:48","modified_gmt":"2018-04-12T14:00:48","slug":"novo-secretario-de-crivella-e-reu-por-ambulancia-superfaturada-e-foi-investigado-na-cpmi-da-mafia-dos-sanguessugas","status":"publish","type":"post","link":"https:\/\/www.sincomam.org.br\/index.php\/novo-secretario-de-crivella-e-reu-por-ambulancia-superfaturada-e-foi-investigado-na-cpmi-da-mafia-dos-sanguessugas\/","title":{"rendered":"Novo secret\u00e1rio de Crivella \u00e9 r\u00e9u por ambul\u00e2ncia superfaturada e foi investigado na CPMI da M\u00e1fia dos Sanguessugas"},"content":{"rendered":"<div class=\"mc-column content-text active-extra-styles active-capital-letter\" data-block-type=\"unstyled\" data-block-weight=\"58\" data-block-id=\"2\">\n<p class=\"content-text__container theme-color-primary-first-letter\" data-track-category=\"Link no Texto\" data-track-links=\"\">J o\u00e3o Mendes de Jesus (PRB), rec\u00e9m-nomeado<span>\u00a0<\/span>secret\u00e1rio de Assist\u00eancia Social e Direitos Humanos de Marcelo Crivella (PRB), \u00e9 r\u00e9u em um processo na Justi\u00e7a Federal do Rio. Ele responde por improbidade administrativa em 2003, quando era deputado federal, por assinar emenda parlamentar para a compra de ambul\u00e2ncia superfaturada, segundo o Minist\u00e9rio P\u00fablico Federal (MPF). Jesus nega as acusa\u00e7\u00f5es.<\/p>\n<\/div>\n<div class=\"mc-column content-text active-extra-styles \" data-block-type=\"unstyled\" data-block-weight=\"31\" data-block-id=\"3\">\n<p class=\"content-text__container \" data-track-category=\"Link no Texto\" data-track-links=\"\">Por conta da den\u00fancia, a Justi\u00e7a chegou a determinar, em 2009, a indisponibilidade de R$ 50 mil do hoje secret\u00e1rio. Em sua conta foram encontrados R$ 10 mil, que foram bloqueados.<\/p>\n<\/div>\n<div class=\"mc-column content-text active-extra-styles \" data-block-type=\"unstyled\" data-block-weight=\"46\" data-block-id=\"4\">\n<p class=\"content-text__container \" data-track-category=\"Link no Texto\" data-track-links=\"\">Segundo a 1\u00aa Vara Federal de Barra do Pira\u00ed, onde corre o processo, a senten\u00e7a deve sair at\u00e9 julho. Em janeiro deste ano, poucos meses antes de ser nomeado por Crivella, o processo foi conclu\u00eddo e entregue ao gabinete da ju\u00edza federal Janaina Siqueira Barreiros Leal.<\/p>\n<\/div>\n<div class=\"mc-column content-text active-extra-styles \" data-block-type=\"unstyled\" data-block-weight=\"47\" data-block-id=\"5\">\n<p class=\"content-text__container \" data-track-category=\"Link no Texto\" data-track-links=\"\">&#8220;O secret\u00e1rio \u00e9 inocente, porque n\u00e3o cometeu malfeitos. Ele \u00e9 v\u00edtima de um caso que ser\u00e1 definitivamente encerrado no tempo da Justi\u00e7a&#8221;, respondeu a assessoria do pol\u00edtico. Na den\u00fancia, obtida pelo<span>\u00a0<\/span><strong>G1<\/strong>, o procurador Ricardo Rage Ferro escreve que Jesus usou o cargo p\u00fablico para benef\u00edcio pr\u00f3prio.<\/p>\n<\/div>\n<div class=\"mc-column content-text active-extra-styles\" data-block-type=\"raw\" data-block-weight=\"37\" data-block-id=\"6\">\n<blockquote class=\"content-blockquote theme-border-color-primary-before\"><p>&#8220;A atividade parlamentar teve como m\u00f3vel n\u00e3o o interesse de beneficiar as comunidades destinat\u00e1rias dos recursos, mas sim atender aos interesses de empresas privadas e aos interesses pecuni\u00e1rios do pr\u00f3prio deputado. Para tanto, o parlamentar foi cooptado&#8221;.<\/p><\/blockquote>\n<\/div>\n<div class=\"mc-column content-text active-extra-styles \" data-block-type=\"unstyled\" data-block-weight=\"53\" data-block-id=\"7\">\n<p class=\"content-text__container \" data-track-category=\"Link no Texto\" data-track-links=\"\">O Minist\u00e9rio P\u00fablico Federal diz que a ambul\u00e2ncia suspeita foi comprada por R$ 72 mil pela prefeitura de Vassouras, no Centro-Sul Fluminense, mas a licita\u00e7\u00e3o foi burlada e superfaturada: n\u00e3o houve publicidade do edital, nem pesquisa de pre\u00e7os. Tampouco, ainda de acordo com os procuradores, o material hospitalar fornecido no ve\u00edculo estaria completo.<\/p>\n<\/div>\n<div class=\"mc-column content-text active-extra-styles \" data-block-type=\"unstyled\" data-block-weight=\"28\" data-block-id=\"8\">\n<p class=\"content-text__container \" data-track-category=\"Link no Texto\" data-track-links=\"\">Tamb\u00e9m s\u00e3o r\u00e9us no processo Altair Paulino de Oliveira Campos, ex-prefeito de Vassouras; Maira Rangel Roale, ex-secret\u00e1ria do munic\u00edpio; e Luiz Soares Gama, presidente da comiss\u00e3o de licita\u00e7\u00e3o.<\/p>\n<\/div>\n<div class=\"mc-column content-text active-extra-styles\" data-block-type=\"raw\" data-block-weight=\"8\" data-block-id=\"10\">\n<div class=\"content-intertitle\">\n<h2>Suspeitas come\u00e7aram em CPMI; defesa fala em inoc\u00eancia<\/h2>\n<\/div>\n<\/div>\n<div class=\"mc-column content-text active-extra-styles \" data-block-type=\"unstyled\" data-block-weight=\"43\" data-block-id=\"11\">\n<p class=\"content-text__container \" data-track-category=\"Link no Texto\" data-track-links=\"\">As suspeitas contra Jo\u00e3o Mendes de Jesus e quase outros 100 parlamentares surgiram em 2006 durante a CPMI dos Sanguessugas. Os deputados eram acusados de liberar emendas parlamentares para a compra de ambul\u00e2ncias e unidades m\u00f3veis de inclus\u00e3o digital, em troca de propina.<\/p>\n<\/div>\n<div class=\"mc-column content-text active-extra-styles \" data-block-type=\"unstyled\" data-block-weight=\"45\" data-block-id=\"12\">\n<p class=\"content-text__container \" data-track-category=\"Link no Texto\" data-track-links=\"\">Na ocasi\u00e3o, o empres\u00e1rio Luiz Ant\u00f4nio Vedoin delatou os deputados, inclusive Jesus, e o acusou de receber cerca de R$ 100 mil em propina. O agora secret\u00e1rio de Crivella cobrou, na vers\u00e3o do empres\u00e1rio, 10% de vantagem indevida sobre os valores das emendas parlamentares liberadas.<\/p>\n<\/div>\n<div class=\"mc-column content-text active-extra-styles \" data-block-type=\"unstyled\" data-block-weight=\"38\" data-block-id=\"13\">\n<p class=\"content-text__container \" data-track-category=\"Link no Texto\" data-track-links=\"\">A informa\u00e7\u00e3o consta nos Relat\u00f3rios Parcial e Final da Comiss\u00e3o Parlamentar Mista de Inqu\u00e9rito. Nela, o relator pediu para que Jesus tivesse o mandato cassado, mas o pedido n\u00e3o prosperou: nenhum deputado perdeu o mandato com as den\u00fancias.<\/p>\n<\/div>\n<div class=\"mc-column content-text active-extra-styles \" data-block-type=\"unstyled\" data-block-weight=\"52\" data-block-id=\"14\">\n<p class=\"content-text__container \" data-track-category=\"Link no Texto\" data-track-links=\"\">&#8220;O outrora deputado federal nunca respondeu a qualquer processo disciplinar na C\u00e2mara, bem como jamais foi convocado a depor na CPI ocorrida na \u00e9poca. O parlamentar teve seu processo arquivado pela CPI porque apresentou provas de sua inoc\u00eancia, bem como contra ele nada foi constatado&#8221;, disse ele atrav\u00e9s da assessoria de imprensa.<\/p>\n<\/div>\n<div class=\"mc-column content-text active-extra-styles \" data-block-type=\"unstyled\" data-block-weight=\"32\" data-block-id=\"15\">\n<p class=\"content-text__container \" data-track-category=\"Link no Texto\" data-track-links=\"\">Paralelamente, o Minist\u00e9rio P\u00fablico Federal prop\u00f4s uma a\u00e7\u00e3o civil p\u00fablica, depois de den\u00fancias e dela\u00e7\u00f5es premiadas, com base em auditorias do Tribunal de Contas do Estado (TCE) e do Minist\u00e9rio da Sa\u00fade.<\/p>\n<\/div>\n<div class=\"mc-column content-text active-extra-styles \" data-block-type=\"unstyled\" data-block-weight=\"38\" data-block-id=\"16\">\n<p class=\"content-text__container \" data-track-category=\"Link no Texto\" data-track-links=\"\">\u00c0 Comiss\u00e3o Parlamentar Mista de Inqu\u00e9rito, o ent\u00e3o deputado disse que seu assessor atuou em conluio com a empresa, mas que ele pr\u00f3prio n\u00e3o participou do esquema. \u00c0 reportagem, Jo\u00e3o Mendes de Jesus nega que tenha cometido crime.<\/p>\n<\/div>\n<div class=\"mc-column content-text active-extra-styles \" data-block-type=\"unstyled\" data-block-weight=\"24\" data-block-id=\"17\">\n<p class=\"content-text__container \" data-track-category=\"Link no Texto\" data-track-links=\"\">&#8220;O secret\u00e1rio, deputado federal na \u00e9poca, abriu imediatamente seus sigilos fiscais, banc\u00e1rios e telef\u00f4nicos e nada de ilegal foi constatado&#8221;, disse Mendes em nota.<\/p>\n<\/div>\n<div class=\"mc-column content-text active-extra-styles \" data-block-type=\"unstyled\" data-block-weight=\"38\" data-block-id=\"18\">\n<p class=\"content-text__container \" data-track-category=\"Link no Texto\" data-track-links=\"\">A Prefeitura do Rio reafirma a inoc\u00eancia de seu novo funcion\u00e1rio do primeiro escal\u00e3o e diz ainda que &#8220;tamb\u00e9m n\u00e3o h\u00e1 qualquer condena\u00e7\u00e3o contra Jo\u00e3o Mendes de Jesus no processo citado e que corre em segredo de justi\u00e7a&#8221;.<\/p>\n<\/div>\n<div class=\"mc-column content-text active-extra-styles \" data-block-type=\"unstyled\" data-block-weight=\"22\" data-block-id=\"20\">\n<p class=\"content-text__container \" data-track-category=\"Link no Texto\" data-track-links=\"\">Segundo o texto, o ex-deputado e ex-vereador defendeu em seu mandato &#8220;as quest\u00f5es sociais em setores mais desprotegidos e sem voz ativa&#8221;.<\/p>\n<\/div>\n<div class=\"mc-column content-text active-extra-styles \" data-block-type=\"unstyled\" data-block-weight=\"43\" data-block-id=\"21\">\n<p class=\"content-text__container \" data-track-category=\"Link no Texto\" data-track-links=\"\">No \u00faltimo dia 23, o<span>\u00a0<\/span><strong>G1<\/strong><span>\u00a0<\/span>mostrou que Crivella nomeou outro r\u00e9u. Para a presid\u00eancia da RioUrbe foi escolhido o engenheiro civil Fabio Lessa Rigueira, que\u00a0responde por homic\u00eddio culposo no processo da queda da Ciclovia Tim Maia.. Duas pessoas morreram na ocasi\u00e3o.<\/p>\n<p>Fonte: G1<\/p>\n<\/div>\n","protected":false},"excerpt":{"rendered":"<p>J o\u00e3o Mendes de Jesus (PRB), rec\u00e9m-nomeado\u00a0secret\u00e1rio de Assist\u00eancia Social e Direitos Humanos de Marcelo Crivella (PRB), \u00e9 r\u00e9u em um processo na Justi\u00e7a Federal&#8230;<\/p>\n","protected":false},"author":1182,"featured_media":26406,"comment_status":"closed","ping_status":"closed","sticky":false,"template":"","format":"standard","meta":{"footnotes":""},"categories":[6],"tags":[],"class_list":["post-26568","post","type-post","status-publish","format-standard","has-post-thumbnail","hentry","category-noticias"],"_links":{"self":[{"href":"https:\/\/www.sincomam.org.br\/index.php\/wp-json\/wp\/v2\/posts\/26568","targetHints":{"allow":["GET"]}}],"collection":[{"href":"https:\/\/www.sincomam.org.br\/index.php\/wp-json\/wp\/v2\/posts"}],"about":[{"href":"https:\/\/www.sincomam.org.br\/index.php\/wp-json\/wp\/v2\/types\/post"}],"author":[{"embeddable":true,"href":"https:\/\/www.sincomam.org.br\/index.php\/wp-json\/wp\/v2\/users\/1182"}],"replies":[{"embeddable":true,"href":"https:\/\/www.sincomam.org.br\/index.php\/wp-json\/wp\/v2\/comments?post=26568"}],"version-history":[{"count":1,"href":"https:\/\/www.sincomam.org.br\/index.php\/wp-json\/wp\/v2\/posts\/26568\/revisions"}],"predecessor-version":[{"id":26569,"href":"https:\/\/www.sincomam.org.br\/index.php\/wp-json\/wp\/v2\/posts\/26568\/revisions\/26569"}],"wp:featuredmedia":[{"embeddable":true,"href":"https:\/\/www.sincomam.org.br\/index.php\/wp-json\/wp\/v2\/media\/26406"}],"wp:attachment":[{"href":"https:\/\/www.sincomam.org.br\/index.php\/wp-json\/wp\/v2\/media?parent=26568"}],"wp:term":[{"taxonomy":"category","embeddable":true,"href":"https:\/\/www.sincomam.org.br\/index.php\/wp-json\/wp\/v2\/categories?post=26568"},{"taxonomy":"post_tag","embeddable":true,"href":"https:\/\/www.sincomam.org.br\/index.php\/wp-json\/wp\/v2\/tags?post=26568"}],"curies":[{"name":"wp","href":"https:\/\/api.w.org\/{rel}","templated":true}]}}