{"id":26564,"date":"2018-04-12T10:50:02","date_gmt":"2018-04-12T13:50:02","guid":{"rendered":"http:\/\/www.sincomam.org.br\/?p=26564"},"modified":"2018-04-12T10:50:02","modified_gmt":"2018-04-12T13:50:02","slug":"stf-decide-nesta-quinta-feira-se-solta-ou-mantem-palocci-preso","status":"publish","type":"post","link":"https:\/\/www.sincomam.org.br\/index.php\/stf-decide-nesta-quinta-feira-se-solta-ou-mantem-palocci-preso\/","title":{"rendered":"STF decide nesta quinta-feira se solta ou mant\u00e9m Palocci preso"},"content":{"rendered":"<div class=\"mc-column content-text active-extra-styles active-capital-letter\" data-block-type=\"unstyled\" data-block-weight=\"31\" data-block-id=\"2\">\n<p class=\"content-text__container theme-color-primary-first-letter\" data-track-category=\"Link no Texto\" data-track-links=\"\">Supremo Tribunal Federal (STF) deve decidir nesta quinta-feira (12) se o ex-ministro Antonio Palocci, preso desde setembro de 2016 em Curitiba no \u00e2mbito da Opera\u00e7\u00e3o Lava Jato, pode ser solto.<\/p>\n<\/div>\n<div class=\"mc-column content-text active-extra-styles \" data-block-type=\"unstyled\" data-block-weight=\"49\" data-block-id=\"3\">\n<p class=\"content-text__container \" data-track-category=\"Link no Texto\" data-track-links=\"\">Na primeira parte do julgamento,<span>\u00a0realizada nesta quinta-feira<\/span>, a maioria dos ministros decidiu, por 6 votos a 5, n\u00e3o analisar um pedido de liberdade apresentado pela defesa, mas ao final iniciaram a an\u00e1lise sobre a possibilidade de derrubarem a pris\u00e3o \u201cde of\u00edcio\u201d, isto \u00e9, por iniciativa da pr\u00f3pria Corte.<\/p>\n<div class=\"mc-column content-text active-extra-styles \" data-block-type=\"unstyled\" data-block-weight=\"49\" data-block-id=\"5\">\n<p class=\"content-text__container \" data-track-category=\"Link no Texto\" data-track-links=\"\">Quase ao fim do julgamento sobre a admiss\u00e3o ou n\u00e3o da a\u00e7\u00e3o, o relator, Edson Fachin, comunicou que ainda iria votar sobre a possibilidade de conceder habeas corpus ao ex-ministro em raz\u00e3o do \u201cexcesso de prazo\u201d da pris\u00e3o preventiva \u2013 Palocci est\u00e1 preso h\u00e1 um ano e seis meses.<\/p>\n<\/div>\n<div class=\"mc-column content-text active-extra-styles \" data-block-type=\"unstyled\" data-block-weight=\"29\" data-block-id=\"6\">\n<p class=\"content-text__container \" data-track-category=\"Link no Texto\" data-track-links=\"\">Ao final da sess\u00e3o, j\u00e1 haviam votado pela manuten\u00e7\u00e3o de Palocci na cadeia os ministros Edson Fachin (relator do caso), Alexandre de Moraes, Lu\u00eds Roberto Barroso e Luiz Fux.<\/p>\n<\/div>\n<div class=\"mc-column content-text active-extra-styles \" data-block-type=\"unstyled\" data-block-weight=\"36\" data-block-id=\"7\">\n<p class=\"content-text__container \" data-track-category=\"Link no Texto\" data-track-links=\"\">Em favor da soltura de Palocci havia votado somente Marco Aur\u00e9lio Mello. Faltam ainda os votos de Rosa Weber, Dias Toffoli, Ricardo Lewandowski, Gilmar Mendes, Celso de Mello e C\u00e1rmen L\u00facia, a serem proferidos nesta quinta.<\/p>\n<div class=\"mc-column content-text active-extra-styles \" data-block-type=\"unstyled\" data-block-weight=\"28\" data-block-id=\"10\">\n<p class=\"content-text__container \" data-track-category=\"Link no Texto\" data-track-links=\"\">Palocci tenta no STF derrubar um decreto de pris\u00e3o preventiva, expedido com o objetivo de evitar risco de cometimento de novos crimes ou preju\u00edzo ao andamento do processo.<\/p>\n<\/div>\n<div class=\"mc-column content-text active-extra-styles \" data-block-type=\"unstyled\" data-block-weight=\"41\" data-block-id=\"11\">\n<p class=\"content-text__container \" data-track-category=\"Link no Texto\" data-track-links=\"\">O ex-ministro foi preso preventivamente \u2013 antes de condena\u00e7\u00e3o, quando ainda era somente investigado \u2013 em setembro de 2016. Na \u00e9poca, o juiz Sergio Moro considerou que, se ficasse solto, ele poderia cometer novos crimes e interferir na produ\u00e7\u00e3o de provas.<\/p>\n<\/div>\n<div class=\"mc-column content-text active-extra-styles \" data-block-type=\"unstyled\" data-block-weight=\"69\" data-block-id=\"12\">\n<p class=\"content-text__container \" data-track-category=\"Link no Texto\" data-track-links=\"\">Em junho de 2017, o juiz condenou o ex-ministro em primeira inst\u00e2ncia por corrup\u00e7\u00e3o e lavagem de dinheiro. Antonio Palocci foi acusado de negociar propinas da Odebrecht para o PT em troca de vantagens para a empreiteira em contratos com a Petrobras. Na senten\u00e7a, Moro renovou a decis\u00e3o de mant\u00ea-lo na cadeia, acrescentando novos fatos para a pris\u00e3o preventiva \u2013 apontou risco de novos atos de lavagem de dinheiro. <\/p>\n<p>Palocci ainda recorre da condena\u00e7\u00e3o no Tribunal Regional Federal da 4\u00ba Regi\u00e3o (TRF-4), de segunda inst\u00e2ncia, mas permanece preso de forma preventiva, sem cumprir efetivamente a pena de 12 anos e 2 meses de pris\u00e3o imposta por Moro no ano passado.<\/p>\n<\/div>\n<\/div>\n<\/div>\n","protected":false},"excerpt":{"rendered":"<p>Supremo Tribunal Federal (STF) deve decidir nesta quinta-feira (12) se o ex-ministro Antonio Palocci, preso desde setembro de 2016 em Curitiba no \u00e2mbito da Opera\u00e7\u00e3o&#8230;<\/p>\n","protected":false},"author":1182,"featured_media":9106,"comment_status":"closed","ping_status":"closed","sticky":false,"template":"","format":"standard","meta":{"footnotes":""},"categories":[6],"tags":[],"class_list":["post-26564","post","type-post","status-publish","format-standard","has-post-thumbnail","hentry","category-noticias"],"_links":{"self":[{"href":"https:\/\/www.sincomam.org.br\/index.php\/wp-json\/wp\/v2\/posts\/26564","targetHints":{"allow":["GET"]}}],"collection":[{"href":"https:\/\/www.sincomam.org.br\/index.php\/wp-json\/wp\/v2\/posts"}],"about":[{"href":"https:\/\/www.sincomam.org.br\/index.php\/wp-json\/wp\/v2\/types\/post"}],"author":[{"embeddable":true,"href":"https:\/\/www.sincomam.org.br\/index.php\/wp-json\/wp\/v2\/users\/1182"}],"replies":[{"embeddable":true,"href":"https:\/\/www.sincomam.org.br\/index.php\/wp-json\/wp\/v2\/comments?post=26564"}],"version-history":[{"count":1,"href":"https:\/\/www.sincomam.org.br\/index.php\/wp-json\/wp\/v2\/posts\/26564\/revisions"}],"predecessor-version":[{"id":26565,"href":"https:\/\/www.sincomam.org.br\/index.php\/wp-json\/wp\/v2\/posts\/26564\/revisions\/26565"}],"wp:featuredmedia":[{"embeddable":true,"href":"https:\/\/www.sincomam.org.br\/index.php\/wp-json\/wp\/v2\/media\/9106"}],"wp:attachment":[{"href":"https:\/\/www.sincomam.org.br\/index.php\/wp-json\/wp\/v2\/media?parent=26564"}],"wp:term":[{"taxonomy":"category","embeddable":true,"href":"https:\/\/www.sincomam.org.br\/index.php\/wp-json\/wp\/v2\/categories?post=26564"},{"taxonomy":"post_tag","embeddable":true,"href":"https:\/\/www.sincomam.org.br\/index.php\/wp-json\/wp\/v2\/tags?post=26564"}],"curies":[{"name":"wp","href":"https:\/\/api.w.org\/{rel}","templated":true}]}}