{"id":26562,"date":"2018-04-12T00:41:09","date_gmt":"2018-04-12T03:41:09","guid":{"rendered":"http:\/\/www.sincomam.org.br\/?p=26562"},"modified":"2018-04-12T10:45:05","modified_gmt":"2018-04-12T13:45:05","slug":"com-avanco-de-investigacoes-temer-marca-viagem-de-emergencia-a-sp-nesta-quinta","status":"publish","type":"post","link":"https:\/\/www.sincomam.org.br\/index.php\/com-avanco-de-investigacoes-temer-marca-viagem-de-emergencia-a-sp-nesta-quinta\/","title":{"rendered":"Com avan\u00e7o de investiga\u00e7\u00f5es, Temer marca viagem de emerg\u00eancia a SP nesta quinta"},"content":{"rendered":"<p>O presidente Michel Temer marcou para esta quinta-feira (12) uma viagem de emerg\u00eancia a S\u00e3o Paulo. Ele deve embarcar no come\u00e7o da tarde para a capital paulista.<\/p>\n<article itemprop=\"articleBody\">\n<div class=\"mc-column content-text active-extra-styles \" data-block-type=\"unstyled\" data-block-weight=\"21\" data-block-id=\"3\">\n<p class=\"content-text__container \" data-track-category=\"Link no Texto\" data-track-links=\"\">O presidente usa essas viagens para se encontrar com seus advogados e discutir o avan\u00e7o das investiga\u00e7\u00f5es do inqu\u00e9rito dos Portos.<\/p>\n<\/div>\n<div class=\"mc-column content-text active-extra-styles \" data-block-type=\"unstyled\" data-block-weight=\"32\" data-block-id=\"4\">\n<p class=\"content-text__container \" data-track-category=\"Link no Texto\" data-track-links=\"\">Nesta semana, Temer e seus auxiliares demonstraram preocupa\u00e7\u00e3o, em conversas reservadas, com o resultado das an\u00e1lises feitas pela Pol\u00edcia Federal no material que consta da investiga\u00e7\u00e3o que est\u00e1 no Supremo Tribunal Federal.<\/p>\n<\/div>\n<div class=\"mc-column content-text active-extra-styles \" data-block-type=\"unstyled\" data-block-weight=\"17\" data-block-id=\"5\">\n<p class=\"content-text__container \" data-track-category=\"Link no Texto\" data-track-links=\"\">Tamb\u00e9m preocupa o Planalto a investiga\u00e7\u00e3o envolvendo os amigos do presidente, que foram presos na Opera\u00e7\u00e3o Skala.<\/p>\n<\/div>\n<div data-track-category=\"fim do conteudo\" data-track-action=\"ultimo chunk conteudo\" data-track-noninteraction=\"false\" data-track-scroll=\"entrada completa viewport\">\n<div class=\"mc-column content-text active-extra-styles \" data-block-type=\"unstyled\" data-block-weight=\"26\" data-block-id=\"6\">\n<p class=\"content-text__container \" data-track-category=\"Link no Texto\" data-track-links=\"\">A viagem foi discutida entre Temer e seus ministros, Moreira Franco (Minas e Energia) e Eliseu Padilha (Casa Civil), nesta quinta cedo, no Pal\u00e1cio do Jaburu.<\/p>\n<p>Fonte: G1<\/p>\n<\/div>\n<\/div>\n<\/article>\n<div class=\"mc-column entities\">\n<ul class=\"entities__list\" data-track-category=\"fim do conteudo\" data-track-action=\"tag semantica\"><\/ul>\n<\/div>\n<div class=\"content-ads content-ads--outside-grid\" data-block-type=\"ads\" data-block-id=\"7\"><\/div>\n<div class=\"mc-column comments\">\n<div id=\"boxComentarios\" class=\"glbComentarios\"><\/div>\n<\/div>\n","protected":false},"excerpt":{"rendered":"<p>O presidente Michel Temer marcou para esta quinta-feira (12) uma viagem de emerg\u00eancia a S\u00e3o Paulo. Ele deve embarcar no come\u00e7o da tarde para a&#8230;<\/p>\n","protected":false},"author":1182,"featured_media":19480,"comment_status":"closed","ping_status":"closed","sticky":false,"template":"","format":"standard","meta":{"footnotes":""},"categories":[6],"tags":[],"class_list":["post-26562","post","type-post","status-publish","format-standard","has-post-thumbnail","hentry","category-noticias"],"_links":{"self":[{"href":"https:\/\/www.sincomam.org.br\/index.php\/wp-json\/wp\/v2\/posts\/26562","targetHints":{"allow":["GET"]}}],"collection":[{"href":"https:\/\/www.sincomam.org.br\/index.php\/wp-json\/wp\/v2\/posts"}],"about":[{"href":"https:\/\/www.sincomam.org.br\/index.php\/wp-json\/wp\/v2\/types\/post"}],"author":[{"embeddable":true,"href":"https:\/\/www.sincomam.org.br\/index.php\/wp-json\/wp\/v2\/users\/1182"}],"replies":[{"embeddable":true,"href":"https:\/\/www.sincomam.org.br\/index.php\/wp-json\/wp\/v2\/comments?post=26562"}],"version-history":[{"count":1,"href":"https:\/\/www.sincomam.org.br\/index.php\/wp-json\/wp\/v2\/posts\/26562\/revisions"}],"predecessor-version":[{"id":26563,"href":"https:\/\/www.sincomam.org.br\/index.php\/wp-json\/wp\/v2\/posts\/26562\/revisions\/26563"}],"wp:featuredmedia":[{"embeddable":true,"href":"https:\/\/www.sincomam.org.br\/index.php\/wp-json\/wp\/v2\/media\/19480"}],"wp:attachment":[{"href":"https:\/\/www.sincomam.org.br\/index.php\/wp-json\/wp\/v2\/media?parent=26562"}],"wp:term":[{"taxonomy":"category","embeddable":true,"href":"https:\/\/www.sincomam.org.br\/index.php\/wp-json\/wp\/v2\/categories?post=26562"},{"taxonomy":"post_tag","embeddable":true,"href":"https:\/\/www.sincomam.org.br\/index.php\/wp-json\/wp\/v2\/tags?post=26562"}],"curies":[{"name":"wp","href":"https:\/\/api.w.org\/{rel}","templated":true}]}}