{"id":26547,"date":"2018-04-11T03:00:56","date_gmt":"2018-04-11T06:00:56","guid":{"rendered":"http:\/\/sincomam.org.br\/?p=26547"},"modified":"2018-04-10T21:55:51","modified_gmt":"2018-04-11T00:55:51","slug":"sem-foro-tucanos-correm-pouco-risco-de-serem-presos","status":"publish","type":"post","link":"https:\/\/www.sincomam.org.br\/index.php\/sem-foro-tucanos-correm-pouco-risco-de-serem-presos\/","title":{"rendered":"Sem foro, tucanos correm pouco risco de serem presos"},"content":{"rendered":"<p>Tr\u00eas tucanos, que governavam seus estados at\u00e9 a semana passada, perderam a prerrogativa de foro privilegiado. Geraldo Alckmin (S\u00e3o Paulo), Beto Richa (Paran\u00e1) e Marconi Perillo (Goi\u00e1s). Por\u00e9m, ser\u00e1 que algum deles pode ser preso antes do fim do processo eleitoral deste ano?<\/p>\n<div id=\"aep-placement-5a1700b1e62fcf00048a6cf3\" class=\" aep-inline aep-root aep-ads aep-design-5a15a8ef742623000475b7e5\">\n<div id=\"istoe-dinheiro-inline-879x284\" adm-controller=\"Pushdown\">\n<div class=\"adm-header\">\n<p>DINHEIRO questionou dois especialistas em Direito Penal para saber qual a possibilidade de isso acontecer. E a conclus\u00e3o \u00e9 uma s\u00f3. Muito pouca. Apesar de os inqu\u00e9ritos estarem prontos contra eles, nove ou dez meses \u00e9 um per\u00edodo muito curto para que haja uma senten\u00e7a na primeira inst\u00e2ncia. Al\u00e9m disso, mesmo que saia essa senten\u00e7a, ela n\u00e3o impediria que os, agora, candidatos, tomassem posse do novo cargo, caso sejam eleitos. Assim, a \u00fanica forma de algum deles ir para a cadeia em um futuro pr\u00f3ximo \u00e9 n\u00e3o se elegendo.<\/p>\n<h4>Casos<\/h4>\n<p>Segundo os juristas, cada caso tem sua peculiaridade e todos os tucanos est\u00e3o em situa\u00e7\u00f5es sens\u00edveis. Alckmin, por exemplo, foi citado na dela\u00e7\u00e3o da Odebrecht, chamada de \u201cdela\u00e7\u00e3o do fim do mundo\u201d. Segundo os executivos da empreiteira, o cunhado do ex-governador, Adhemar C\u00e9sar Ribeiro, recebeu R$ 10,3 milh\u00f5es em propina por meio de caixa dois para as campanhas de 2010 a 2014.<\/p>\n<p>Na \u00faltima semana, um desdobramento da Lava Jato levou \u00e0 pris\u00e3o de Paulo Vieira de Souza, o Paulo Preto, ex-diretor da Dersa (departamento rodovi\u00e1rio de SP). Ele \u00e9 acusado de desviar R$ 7,7 milh\u00f5es entre 2009 e 2011. A den\u00fancia tamb\u00e9m aponta direcionamento do dinheiro para campanhas de Alckmin. A parte do tucano no processo corre em segredo de justi\u00e7a no Superior Tribunal de Justi\u00e7a (STJ).<\/p>\n<p>J\u00e1 Marconi Perillo foi denunciado em mar\u00e7o do ano passado pela Procuradoria Geral da Rep\u00fablica (PGR). Segundo o inqu\u00e9rito, o empres\u00e1rio Fernando Cavendish, dono da construtora Delta, e o contraventor Carlinhos Cachoeira pagaram d\u00edvidas de campanha do tucano. Como contrapartida, contratos foram inflados para pagar o \u201cfavor\u201d. Apesar da den\u00fancia feita pela PGR, o STJ n\u00e3o a aceitou ainda.<\/p>\n<p>Beto Richa, por sua vez, foi acusado de receber R$ 2,5 milh\u00f5es da Odebrecht via caixa dois, em 2014. Ele tamb\u00e9m caiu na dela\u00e7\u00e3o do fim do mundo. O processo foi suspenso pelo STF, pois como Richa era governador, o caso deveria tramitar no STJ.<\/p>\n<div id=\"admateria3\" data-google-query-id=\"CPiI7PmAsdoCFcxShgod2NIKyw\">\n<p>Os tr\u00eas tucanos negam ter cometido os atos il\u00edcitos pelos quais foram denunciados.<\/p>\n<p>Fonte: Isto \u00c9 Dinheiro<\/p><\/div>\n<\/div>\n<\/div>\n<\/div>\n","protected":false},"excerpt":{"rendered":"<p>Tr\u00eas tucanos, que governavam seus estados at\u00e9 a semana passada, perderam a prerrogativa de foro privilegiado. Geraldo Alckmin (S\u00e3o Paulo), Beto Richa (Paran\u00e1) e Marconi&#8230;<\/p>\n","protected":false},"author":1182,"featured_media":18842,"comment_status":"closed","ping_status":"closed","sticky":false,"template":"","format":"standard","meta":{"footnotes":""},"categories":[6],"tags":[],"class_list":["post-26547","post","type-post","status-publish","format-standard","has-post-thumbnail","hentry","category-noticias"],"_links":{"self":[{"href":"https:\/\/www.sincomam.org.br\/index.php\/wp-json\/wp\/v2\/posts\/26547","targetHints":{"allow":["GET"]}}],"collection":[{"href":"https:\/\/www.sincomam.org.br\/index.php\/wp-json\/wp\/v2\/posts"}],"about":[{"href":"https:\/\/www.sincomam.org.br\/index.php\/wp-json\/wp\/v2\/types\/post"}],"author":[{"embeddable":true,"href":"https:\/\/www.sincomam.org.br\/index.php\/wp-json\/wp\/v2\/users\/1182"}],"replies":[{"embeddable":true,"href":"https:\/\/www.sincomam.org.br\/index.php\/wp-json\/wp\/v2\/comments?post=26547"}],"version-history":[{"count":1,"href":"https:\/\/www.sincomam.org.br\/index.php\/wp-json\/wp\/v2\/posts\/26547\/revisions"}],"predecessor-version":[{"id":26548,"href":"https:\/\/www.sincomam.org.br\/index.php\/wp-json\/wp\/v2\/posts\/26547\/revisions\/26548"}],"wp:featuredmedia":[{"embeddable":true,"href":"https:\/\/www.sincomam.org.br\/index.php\/wp-json\/wp\/v2\/media\/18842"}],"wp:attachment":[{"href":"https:\/\/www.sincomam.org.br\/index.php\/wp-json\/wp\/v2\/media?parent=26547"}],"wp:term":[{"taxonomy":"category","embeddable":true,"href":"https:\/\/www.sincomam.org.br\/index.php\/wp-json\/wp\/v2\/categories?post=26547"},{"taxonomy":"post_tag","embeddable":true,"href":"https:\/\/www.sincomam.org.br\/index.php\/wp-json\/wp\/v2\/tags?post=26547"}],"curies":[{"name":"wp","href":"https:\/\/api.w.org\/{rel}","templated":true}]}}