{"id":26545,"date":"2018-04-11T00:01:52","date_gmt":"2018-04-11T03:01:52","guid":{"rendered":"http:\/\/sincomam.org.br\/?p=26545"},"modified":"2018-04-10T21:53:42","modified_gmt":"2018-04-11T00:53:42","slug":"febraban-nova-regra-do-cheque-especial-deve-acelerar-queda-do-juro-ao-consumidor","status":"publish","type":"post","link":"https:\/\/www.sincomam.org.br\/index.php\/febraban-nova-regra-do-cheque-especial-deve-acelerar-queda-do-juro-ao-consumidor\/","title":{"rendered":"Febraban: nova regra do cheque especial deve acelerar queda do juro ao consumidor"},"content":{"rendered":"<p>As novas regras para o funcionamento do cheque especial dever\u00e3o acelerar a tend\u00eancia de queda do juro ao consumidor. A avalia\u00e7\u00e3o \u00e9 do presidente da Federa\u00e7\u00e3o Brasileira dos Bancos (Febraban), Murilo Portugal. Em entrevista para divulgar as novas regras, o executivo reconheceu que o juro cobrado atualmente de quem usa o limite da conta \u00e9 elevado e culpou a inadimpl\u00eancia por esse fen\u00f4meno.<\/p>\n<div id=\"aep-placement-5a1700b1e62fcf00048a6cf3\" class=\" aep-inline aep-root aep-ads aep-design-5a15a8ef742623000475b7e5\">\n<div id=\"istoe-dinheiro-inline-879x284\" adm-controller=\"Pushdown\">\n<div class=\"adm-header\">\n<p>Ao anunciar a nova regra que prev\u00ea oferta de cr\u00e9dito mais barato ao cliente que usar 15% do limite do cheque especial por 30 dias, o presidente da Febraban disse esperar que as medidas ajudar\u00e3o a \u201crefor\u00e7ar a tend\u00eancia de queda dos spreads banc\u00e1rios\u201d.<\/p>\n<p>Spread \u00e9 a margem cobrada pelo banco do cliente para pagar custos e perdas da opera\u00e7\u00e3o, impostos e o lucro da pr\u00f3pria institui\u00e7\u00e3o. \u201cOs juros ser\u00e3o mais baixos, mas n\u00e3o sei quanto vai cair porque essa \u00e9 uma decis\u00e3o de cada institui\u00e7\u00e3o\u201d, disse, ao citar que o impacto poder\u00e1 ser visto at\u00e9 no curto prazo.<\/p>\n<div id=\"admateria2\" data-google-query-id=\"CLe82OX_sNoCFbbF4Qodu-QM2A\">\n<p>Portugal citou que os juros ao consumidor t\u00eam acompanhado a redu\u00e7\u00e3o da taxa Selic e ca\u00edram nos \u00faltimos meses. \u201cApesar dessas quedas, as taxas do cheque especial ainda s\u00e3o muito elevadas\u201d, disse. Segundo o Banco Central, o juro m\u00e9dio praticado em fevereiro nessa linha de cr\u00e9dito foi de 324,1% ao ano.<\/p>\n<p>Uma das raz\u00f5es \u00e9 a inadimpl\u00eancia, explicou Portugal. \u201cS\u00e3o as mesmas raz\u00f5es do spread. Os custos elevados de intermedia\u00e7\u00e3o financeira no Brasil e a inadimpl\u00eancia no cheque especial \u00e9 muito mais elevada que nos demais produtos\u201d, citou o presidente. Dados do BC indicam que 13,6% dos clientes do cheque estavam inadimplentes em fevereiro. Em dezembro, o porcentual era de 16,2%. \u201cQuando se compara \u00e0 totalidade do cr\u00e9dito pessoa f\u00edsica, que tem inadimpl\u00eancia de 3,5%, temos uma taxa quatro vezes maior\u201d, disse, ao lembrar que o calote no cr\u00e9dito consignado \u00e9 ainda menor: por volta de 2%.<\/p>\n<p>Questionado sobre o aumento do juro do cheque especial ao longo dos \u00faltimos anos, Portugal explicou que houve eleva\u00e7\u00e3o da incid\u00eancia de calote na opera\u00e7\u00e3o. \u201cA inadimpl\u00eancia era de 7% nos cinco maiores bancos e, se voc\u00ea olhar o juro em 2014, era de 150%. Houve aumento da inadimpl\u00eancia e esse \u00e9 o principal respons\u00e1vel\u201d, disse. Dados do BC mostram apenas a taxa de inadimpl\u00eancia agregada do setor financeiro \u2013 e n\u00e3o mostram o indicador por institui\u00e7\u00e3o financeira e linha espec\u00edfica. Pela m\u00e9trica do BC, o calote no cheque especial oscilou de 11,7% em mar\u00e7o daquele ano a at\u00e9 14% em setembro de 2014.<\/p>\n<p>A nova mec\u00e2nica do cheque prev\u00ea que bancos oferecer\u00e3o op\u00e7\u00e3o de cr\u00e9dito mais vantajosa \u201cpro-ativamente e de maneira individualizada\u201d ao cliente. A comunica\u00e7\u00e3o ser\u00e1 feita sempre cinco dias \u00fateis ap\u00f3s o cliente passar a usar esse porcentual do limite \u2013 com piso em R$ 200. Se o cliente persistir no uso do limite do cheque especial, ser\u00e1 comunicado a cada 30 dias. Portugal citou estat\u00edsticas que mostram que, na m\u00e9dia, clientes que usam o limite do cheque especial normalmente tomam R$ 900 por per\u00edodo de 16 dias a cada m\u00eas.<\/p>\n<div id=\"admateria5\"><ins class=\"adsbygoogle\" data-ad-layout=\"in-article\" data-ad-format=\"fluid\" data-ad-client=\"ca-pub-4663753467999594\" data-ad-slot=\"2453711447\" data-adsbygoogle-status=\"done\"><ins id=\"aswift_0_expand\"><\/ins><\/ins><\/div>\n<\/div>\n<\/div>\n<\/div>\n<\/div>\n","protected":false},"excerpt":{"rendered":"<p>As novas regras para o funcionamento do cheque especial dever\u00e3o acelerar a tend\u00eancia de queda do juro ao consumidor. A avalia\u00e7\u00e3o \u00e9 do presidente da&#8230;<\/p>\n","protected":false},"author":1182,"featured_media":18713,"comment_status":"closed","ping_status":"closed","sticky":false,"template":"","format":"standard","meta":{"footnotes":""},"categories":[6],"tags":[],"class_list":["post-26545","post","type-post","status-publish","format-standard","has-post-thumbnail","hentry","category-noticias"],"_links":{"self":[{"href":"https:\/\/www.sincomam.org.br\/index.php\/wp-json\/wp\/v2\/posts\/26545","targetHints":{"allow":["GET"]}}],"collection":[{"href":"https:\/\/www.sincomam.org.br\/index.php\/wp-json\/wp\/v2\/posts"}],"about":[{"href":"https:\/\/www.sincomam.org.br\/index.php\/wp-json\/wp\/v2\/types\/post"}],"author":[{"embeddable":true,"href":"https:\/\/www.sincomam.org.br\/index.php\/wp-json\/wp\/v2\/users\/1182"}],"replies":[{"embeddable":true,"href":"https:\/\/www.sincomam.org.br\/index.php\/wp-json\/wp\/v2\/comments?post=26545"}],"version-history":[{"count":1,"href":"https:\/\/www.sincomam.org.br\/index.php\/wp-json\/wp\/v2\/posts\/26545\/revisions"}],"predecessor-version":[{"id":26546,"href":"https:\/\/www.sincomam.org.br\/index.php\/wp-json\/wp\/v2\/posts\/26545\/revisions\/26546"}],"wp:featuredmedia":[{"embeddable":true,"href":"https:\/\/www.sincomam.org.br\/index.php\/wp-json\/wp\/v2\/media\/18713"}],"wp:attachment":[{"href":"https:\/\/www.sincomam.org.br\/index.php\/wp-json\/wp\/v2\/media?parent=26545"}],"wp:term":[{"taxonomy":"category","embeddable":true,"href":"https:\/\/www.sincomam.org.br\/index.php\/wp-json\/wp\/v2\/categories?post=26545"},{"taxonomy":"post_tag","embeddable":true,"href":"https:\/\/www.sincomam.org.br\/index.php\/wp-json\/wp\/v2\/tags?post=26545"}],"curies":[{"name":"wp","href":"https:\/\/api.w.org\/{rel}","templated":true}]}}