{"id":26535,"date":"2018-04-10T07:37:42","date_gmt":"2018-04-10T10:37:42","guid":{"rendered":"http:\/\/www.sincomam.org.br\/?p=26535"},"modified":"2018-04-10T07:37:42","modified_gmt":"2018-04-10T10:37:42","slug":"docas-vai-recuperar-armazens-1-a-4-galpoes-5-ao-8-serao-demolidos","status":"publish","type":"post","link":"https:\/\/www.sincomam.org.br\/index.php\/docas-vai-recuperar-armazens-1-a-4-galpoes-5-ao-8-serao-demolidos\/","title":{"rendered":"Docas vai recuperar armaz\u00e9ns 1 a 4; galp\u00f5es 5 ao 8 ser\u00e3o demolidos"},"content":{"rendered":"<p>Em 120 dias, ser\u00e1 iniciada a recupera\u00e7\u00e3o dos armaz\u00e9ns 1 ao 4 do Porto de Santos, que ficam no Cais do Valongo. J\u00e1 os galp\u00f5es 5 ao 8 ser\u00e3o demolidos, enquanto a Companhia Docas do Estado de S\u00e3o Paulo (Codesp) pretende estudar uma proposta para a utiliza\u00e7\u00e3o de toda a \u00e1rea das oito instala\u00e7\u00f5es. A ideia \u00e9 implantar no local um complexo de lazer e turismo. O prazo para a conclus\u00e3o dos trabalhos \u00e9 de um ano.\u00a0<\/p>\n<p>Os planos est\u00e3o descritos em um Termo de Ajustamento de Conduta (TAC) assinado na \u00faltima sexta-feira (6) pelo diretor-presidente da Codesp, Jos\u00e9 Alex Oliva, e pelo promotor de Justi\u00e7a de Urbanismo e Meio Ambiente do Minist\u00e9rio P\u00fablico do Estado (MPE) em Santos, Daury de Paula J\u00fanior. Segundo os representantes da Docas e do MPE, o acordo demorou mais de um ano para ser costurado entre as partes. No entanto, a necessidade de revitaliza\u00e7\u00e3o da \u00e1rea portu\u00e1ria vem sendo debatida entre as autoridades desde 2001.\u00a0<\/p>\n<p>A partir de agora, a Docas concentrar\u00e1 esfor\u00e7os em abrir duas licita\u00e7\u00f5es. Uma ter\u00e1 como finalidade a contrata\u00e7\u00e3o de uma empresa que far\u00e1 a revitaliza\u00e7\u00e3o dos armaz\u00e9ns 1 ao 4. J\u00e1 a outra far\u00e1 a demoli\u00e7\u00e3o controlada dos armaz\u00e9ns 5 ao 8.\u00a0<\/p>\n<p>Segundo Oliva, os recursos financeiros necess\u00e1rios para as duas contrata\u00e7\u00f5es ser\u00e3o definidos na pr\u00f3xima semana. \u201cA Codesp assume o compromisso de, de acordo com o documento que n\u00f3s assinamos, executar uma s\u00e9rie de a\u00e7\u00f5es para preservar a mem\u00f3ria dos armaz\u00e9ns e a mem\u00f3ria hist\u00f3rica do Porto de Santos. Pelo acordo que n\u00f3s firmamos, n\u00f3s vamos trabalhar os armaz\u00e9ns 1 ao 4 e (os armaz\u00e9ns) do 5 ao 8 ser\u00e3o demolidos para subsidiar com material hist\u00f3rico na recupera\u00e7\u00e3o dos armaz\u00e9ns\u201d.<\/p>\n<p>De acordo com Daury, a demoli\u00e7\u00e3o e a restaura\u00e7\u00e3o dos armaz\u00e9ns fazem parte da primeira etapa do projeto de revitaliza\u00e7\u00e3o da \u00e1rea mais degradada do Valongo. A inten\u00e7\u00e3o \u00e9 elaborar estudos que v\u00e3o definir uma solu\u00e7\u00e3o que tenha viabilidade t\u00e9cnica e econ\u00f4mica, diferente das demais apresentadas nos \u00faltimos 15 anos.\u00a0<\/p>\n<p>\u201cEssas fases sequenciais ainda precisam ser discutidas e melhor detalhadas, atrav\u00e9s de projetos b\u00e1sico e executivo, de licenciamento ambiental, licenciamento perante os \u00f3rg\u00e3os de preserva\u00e7\u00e3o cultural. Mas representam um modelo vi\u00e1vel de recupera\u00e7\u00e3o da \u00e1rea hist\u00f3rica do Porto de Santos, compat\u00edvel com a preserva\u00e7\u00e3o do patrim\u00f4nio cultural, de forma sustent\u00e1vel ambientalmente\u201d, destacou o promotor.<\/p>\n<p><strong>Universidades<\/strong>\u00a0<\/p>\n<p>O Armaz\u00e9m 8 havia sido cedido \u00e0 Universidade de S\u00e3o Paulo (USP), que enfrenta uma grave crise financeira e tentava viabilizar a reforma e o restauro do im\u00f3vel. Hoje, o local serve como base para os navios de pesquisas oceanogr\u00e1ficas Alpha Crucis e Alpha Delphini, que chegaram a Santos em 2012 e 2013, respectivamente.<\/p>\n<p>A USP pretende manter a base das embarca\u00e7\u00f5es e ampli\u00e1-la, com a constru\u00e7\u00e3o de laborat\u00f3rios e salas de aula e a implanta\u00e7\u00e3o de equipamentos para pesquisas voltadas ao Porto.\u00a0<\/p>\n<p>No cais do Armaz\u00e9m 7, est\u00e1 o navio de pesquisas Professor W. Besnard, tamb\u00e9m da USP e que est\u00e1 \u00e0 espera de um destino. O local estava reservado \u00e0 Universidade Federal de S\u00e3o Paulo (Unifesp), que pretendia dar suporte a seus cursos voltados ao mar e ao meio ambiente.<\/p>\n<p>No entanto, de acordo com Oliva e Daury, as duas institui\u00e7\u00f5es de ensino dever\u00e3o deixar os armaz\u00e9ns. E as embarca\u00e7\u00f5es tamb\u00e9m dever\u00e3o retiradas. A data para que isso aconte\u00e7a ainda n\u00e3o foi definida.<\/p>\n<p>Fonte: A Tribuna<\/p>\n<div class=\"jwDisqusForm\"><\/div>\n","protected":false},"excerpt":{"rendered":"<p>Em 120 dias, ser\u00e1 iniciada a recupera\u00e7\u00e3o dos armaz\u00e9ns 1 ao 4 do Porto de Santos, que ficam no Cais do Valongo. J\u00e1 os galp\u00f5es&#8230;<\/p>\n","protected":false},"author":1182,"featured_media":17820,"comment_status":"closed","ping_status":"closed","sticky":false,"template":"","format":"standard","meta":{"footnotes":""},"categories":[6],"tags":[],"class_list":["post-26535","post","type-post","status-publish","format-standard","has-post-thumbnail","hentry","category-noticias"],"_links":{"self":[{"href":"https:\/\/www.sincomam.org.br\/index.php\/wp-json\/wp\/v2\/posts\/26535","targetHints":{"allow":["GET"]}}],"collection":[{"href":"https:\/\/www.sincomam.org.br\/index.php\/wp-json\/wp\/v2\/posts"}],"about":[{"href":"https:\/\/www.sincomam.org.br\/index.php\/wp-json\/wp\/v2\/types\/post"}],"author":[{"embeddable":true,"href":"https:\/\/www.sincomam.org.br\/index.php\/wp-json\/wp\/v2\/users\/1182"}],"replies":[{"embeddable":true,"href":"https:\/\/www.sincomam.org.br\/index.php\/wp-json\/wp\/v2\/comments?post=26535"}],"version-history":[{"count":1,"href":"https:\/\/www.sincomam.org.br\/index.php\/wp-json\/wp\/v2\/posts\/26535\/revisions"}],"predecessor-version":[{"id":26536,"href":"https:\/\/www.sincomam.org.br\/index.php\/wp-json\/wp\/v2\/posts\/26535\/revisions\/26536"}],"wp:featuredmedia":[{"embeddable":true,"href":"https:\/\/www.sincomam.org.br\/index.php\/wp-json\/wp\/v2\/media\/17820"}],"wp:attachment":[{"href":"https:\/\/www.sincomam.org.br\/index.php\/wp-json\/wp\/v2\/media?parent=26535"}],"wp:term":[{"taxonomy":"category","embeddable":true,"href":"https:\/\/www.sincomam.org.br\/index.php\/wp-json\/wp\/v2\/categories?post=26535"},{"taxonomy":"post_tag","embeddable":true,"href":"https:\/\/www.sincomam.org.br\/index.php\/wp-json\/wp\/v2\/tags?post=26535"}],"curies":[{"name":"wp","href":"https:\/\/api.w.org\/{rel}","templated":true}]}}