{"id":26499,"date":"2018-04-06T08:48:12","date_gmt":"2018-04-06T11:48:12","guid":{"rendered":"http:\/\/www.sincomam.org.br\/?p=26499"},"modified":"2018-04-06T08:48:12","modified_gmt":"2018-04-06T11:48:12","slug":"petrobras-tem-indicados-a-conselhos-de-administracao-e-fiscal-pelos-minoritarios","status":"publish","type":"post","link":"https:\/\/www.sincomam.org.br\/index.php\/petrobras-tem-indicados-a-conselhos-de-administracao-e-fiscal-pelos-minoritarios\/","title":{"rendered":"Petrobras tem indicados a conselhos de administra\u00e7\u00e3o e fiscal pelos minorit\u00e1rios"},"content":{"rendered":"<p>A Petrobras reapresentou \u00e0 Comiss\u00e3o de Valores Mobili\u00e1rios (CVM) documento que havia sido publicado em mar\u00e7o sobre a vota\u00e7\u00e3o de membros dos conselhos administrativo e fiscal, em raz\u00e3o de novas indica\u00e7\u00f5es de candidatos por parte de acionistas n\u00e3o controladores. A elei\u00e7\u00e3o ocorrer\u00e1 em Assembleia Geral Ordin\u00e1ria de 26 de abril.<\/p>\n<p>Entre os nomes, Marcelo Gasparino concorrer\u00e1 ao conselho de administra\u00e7\u00e3o para representar minorit\u00e1rios. Gasparino foi presidente do conselho de administra\u00e7\u00e3o da Usiminas em 2015 e 2016 e membro dos conselhos de diversas outras empresas. Na Petrobras, \u00e9 membro suplente do conselho fiscal.<\/p>\n<p>Para representar os acionistas detentores de a\u00e7\u00f5es preferenciais no conselho de administra\u00e7\u00e3o, foi indicado Jos\u00e9 Pais Rangel, conselheiro de empresas como Eletrobras, Engie e Cemig. O comunicado cita que, na Eletrobras, Rangel foi o \u00fanico membro eleito por acionistas minorit\u00e1rios, sendo coordenador do comit\u00ea de auditoria, onde atuou \u201ccom destaque\u201d em quest\u00f5es relevantes de compliance que afetaram a empresa nos \u00faltimos dois anos.<\/p>\n<p>Para as cadeiras no conselho fiscal, foram indicados Reginaldo Ferreira Alexandre como titular pelos minorit\u00e1rios, sendo que ele j\u00e1 \u00e9 membro do colegiado, e Susana Hanna Stiphan Jabra como suplente pelos minorit\u00e1rios. Pelos preferencialistas, o candidato \u00e9 Daniel Alves Ferreira, membro do conselho de administra\u00e7\u00e3o e do comit\u00ea de governan\u00e7a corporativa da Cemig, e Rodrigo de Mesquita Pereira como suplente.<\/p>\n<p>Quanto a Reginaldo Ferreira Alexandre, ele deu voto contr\u00e1rio, na reuni\u00e3o realizada para apreciar as demonstra\u00e7\u00f5es cont\u00e1veis da Petrobras de 2017. Conforme noticiou o Broadcast (servi\u00e7o de not\u00edcias em tempo real do Grupo Estado) nesta quarta-feira, 4, a ata da reuni\u00e3o divulgada na noite anterior informou sobre uma discord\u00e2ncia entre os conselheiros no que se refere ao valor recuper\u00e1vel da refinaria Abreu e Lima, ativo que foi o primeiro alvo da Opera\u00e7\u00e3o Lava Jato no \u00e2mbito da estatal. Na ocasi\u00e3o, a investiga\u00e7\u00e3o da for\u00e7a-tarefa da Lava Jato apontou para um superfaturamento bilion\u00e1rio.<\/p>\n<p>Ferreira Alexandre e Walter Lu\u00eds Bernardes Albertoni solicitaram o c\u00e1lculo de impairment (baixa cont\u00e1bil referente ao valor recuper\u00e1vel) do trem 1 da refinaria Abreu e Lima, de forma separada. \u201cH\u00e1 indicativos significativos de que tais ativos poder\u00e3o n\u00e3o se realizar economicamente pelos valores pelos quais est\u00e3o contabilizados\u201d, diz a ata.<\/p>\n<p><strong>Marcelo Gasparino<\/strong><\/p>\n<p>Em 2016, Gasparino teve o seu nome envolvido em uma investiga\u00e7\u00e3o da CVM, acerca da atua\u00e7\u00e3o de um grupo de executivos que teria controle sobre a nomea\u00e7\u00e3o de membros de conselho para empresas de capital aberto, exigindo em troca a cobran\u00e7a de parte dos honor\u00e1rios pelos candidatos selecionados.<\/p>\n<p>Reportagem do Broadcast publicada em abril do ano passado, por sua vez, cita afirma\u00e7\u00e3o de Gasparino de que Manuel Jeremias Leite Caldas, autor da den\u00fancia, foi um dos cofundadores do grupo, pensado para \u201ccumprir um papel em um mercado em que o absente\u00edsmo dos acionistas em assembleias \u00e9 muito grande\u201d. \u201cO grupo retrata algo inovador e era normal que tivesse alguma repercuss\u00e3o, vindo de um estranho, que n\u00e3o entendesse o funcionamento do grupo. O que n\u00e3o era esperado era de que isso viesse de quem fez parte de sua cria\u00e7\u00e3o e que n\u00e3o mediu as consequ\u00eancias de seu ato\u201d, disse, na ocasi\u00e3o.<\/p>\n<p>Fonte: Isto\u00e9<\/p>\n","protected":false},"excerpt":{"rendered":"<p>A Petrobras reapresentou \u00e0 Comiss\u00e3o de Valores Mobili\u00e1rios (CVM) documento que havia sido publicado em mar\u00e7o sobre a vota\u00e7\u00e3o de membros dos conselhos administrativo e&#8230;<\/p>\n","protected":false},"author":1182,"featured_media":18619,"comment_status":"closed","ping_status":"closed","sticky":false,"template":"","format":"standard","meta":{"footnotes":""},"categories":[6],"tags":[],"class_list":["post-26499","post","type-post","status-publish","format-standard","has-post-thumbnail","hentry","category-noticias"],"_links":{"self":[{"href":"https:\/\/www.sincomam.org.br\/index.php\/wp-json\/wp\/v2\/posts\/26499","targetHints":{"allow":["GET"]}}],"collection":[{"href":"https:\/\/www.sincomam.org.br\/index.php\/wp-json\/wp\/v2\/posts"}],"about":[{"href":"https:\/\/www.sincomam.org.br\/index.php\/wp-json\/wp\/v2\/types\/post"}],"author":[{"embeddable":true,"href":"https:\/\/www.sincomam.org.br\/index.php\/wp-json\/wp\/v2\/users\/1182"}],"replies":[{"embeddable":true,"href":"https:\/\/www.sincomam.org.br\/index.php\/wp-json\/wp\/v2\/comments?post=26499"}],"version-history":[{"count":1,"href":"https:\/\/www.sincomam.org.br\/index.php\/wp-json\/wp\/v2\/posts\/26499\/revisions"}],"predecessor-version":[{"id":26500,"href":"https:\/\/www.sincomam.org.br\/index.php\/wp-json\/wp\/v2\/posts\/26499\/revisions\/26500"}],"wp:featuredmedia":[{"embeddable":true,"href":"https:\/\/www.sincomam.org.br\/index.php\/wp-json\/wp\/v2\/media\/18619"}],"wp:attachment":[{"href":"https:\/\/www.sincomam.org.br\/index.php\/wp-json\/wp\/v2\/media?parent=26499"}],"wp:term":[{"taxonomy":"category","embeddable":true,"href":"https:\/\/www.sincomam.org.br\/index.php\/wp-json\/wp\/v2\/categories?post=26499"},{"taxonomy":"post_tag","embeddable":true,"href":"https:\/\/www.sincomam.org.br\/index.php\/wp-json\/wp\/v2\/tags?post=26499"}],"curies":[{"name":"wp","href":"https:\/\/api.w.org\/{rel}","templated":true}]}}