{"id":26492,"date":"2018-04-05T00:25:22","date_gmt":"2018-04-05T03:25:22","guid":{"rendered":"http:\/\/sincomam.org.br\/?p=26492"},"modified":"2018-04-04T18:55:16","modified_gmt":"2018-04-04T21:55:16","slug":"porto-tera-novo-simulado-de-combate-a-incendio-no-proximo-dia-26","status":"publish","type":"post","link":"https:\/\/www.sincomam.org.br\/index.php\/porto-tera-novo-simulado-de-combate-a-incendio-no-proximo-dia-26\/","title":{"rendered":"Porto ter\u00e1 novo simulado de combate a inc\u00eandio no pr\u00f3ximo dia 26"},"content":{"rendered":"<p>O Porto de Santos ter\u00e1 uma novo simulado de combate a inc\u00eandio, anunciou o diretor-presidente da Companhia Docas do Estado de S\u00e3o Paulo (Codesp), Jos\u00e9 Alex Oliva, durante sua participa\u00e7\u00e3o na 2\u00aa edi\u00e7\u00e3o da Rodada da Cidadania . O executivo revelou que o exerc\u00edcio ser\u00e1 realizado no pr\u00f3ximo dia 26.<\/p>\n<p>A expectativa \u00e9 de que o simulado ocorra em um terminal especializado na movimenta\u00e7\u00e3o de gran\u00e9is l\u00edquidos. Instala\u00e7\u00f5es deste tipo oferecem grande risco por conta da opera\u00e7\u00e3o de produtos qu\u00edmicos ou inflam\u00e1veis.\u00a0<\/p>\n<p>Oliva n\u00e3o revelou o nome da empresa que ser\u00e1 realizado o exerc\u00edcio. Segundo ele, os planos incluem a participa\u00e7\u00e3o de \u201cuma grande quantidade\u201d de pessoas, al\u00e9m de efeitos de fuma\u00e7a e at\u00e9 um helic\u00f3ptero. \u201cN\u00e3o \u00e9 para acontecer (um sinistro) mas, se acontecer, temos de estar preparados para uma pronta resposta\u201d, destacou.\u00a0<\/p>\n<p>Tamb\u00e9m sob o enfoque da preven\u00e7\u00e3o, o inspetor-chefe da Alf\u00e2ndega do Porto de Santos, Cleiton Alves dos Santos Jo\u00e3o Sim\u00f5es, destacou as a\u00e7\u00f5es da Receita Federal contra o tr\u00e1fico internacional de drogas no cais santista. \u201cA Receita prima pelos sistemas informatizados. Usa sistemas eletr\u00f4nicos de controle de cargas de importa\u00e7\u00e3o ou exporta\u00e7\u00e3o, a verifica\u00e7\u00e3o das imagens de c\u00e2meras instaladas no Porto de Santos\u201d, disse.<\/p>\n<p><strong>Integra\u00e7\u00e3o<\/strong><\/p>\n<p>Para a coordenadora da C\u00e2mara Setorial de Institui\u00e7\u00f5es de Ensino da Associa\u00e7\u00e3o Comercial de Santos (ACS), Silvia Teixeira Penteado, que \u00e9 reitora da Universidade Santa Cec\u00edlia (Unisanta), \u00e9 necess\u00e1ria uma integra\u00e7\u00e3o de \u00f3rg\u00e3os voltados \u00e0 seguran\u00e7a p\u00fablica.\u00a0<\/p>\n<p>O presidente da ACS, Roberto Clemente Santini, que \u00e9 diretor-presidente da TV Tribuna, destacou que discutir seguran\u00e7a p\u00fablica e desenvolvimento regional \u00e9 oportuno e importante, j\u00e1 que afeta diretamente toda a sociedade. \u201cDesde que assumimos a presid\u00eancia da ACS, temos incentivado as a\u00e7\u00f5es das nossas 21 c\u00e2maras setoriais. As respostas t\u00eam sido positivas. Mas \u00e9 ineg\u00e1vel que a C\u00e2mara Setorial das Institui\u00e7\u00f5es de Ensino tem sido muito atuante, propondo debates e discuss\u00f5es que visam sempre o melhor para a nossa cidade e o nosso Pa\u00eds\u201d.\u00a0<\/p>\n<p>Fonte: A Tribuna<\/p>\n<div class=\"jwDisqusForm\"><\/div>\n","protected":false},"excerpt":{"rendered":"<p>O Porto de Santos ter\u00e1 uma novo simulado de combate a inc\u00eandio, anunciou o diretor-presidente da Companhia Docas do Estado de S\u00e3o Paulo (Codesp), Jos\u00e9&#8230;<\/p>\n","protected":false},"author":1182,"featured_media":18514,"comment_status":"closed","ping_status":"closed","sticky":false,"template":"","format":"standard","meta":{"footnotes":""},"categories":[6],"tags":[],"class_list":["post-26492","post","type-post","status-publish","format-standard","has-post-thumbnail","hentry","category-noticias"],"_links":{"self":[{"href":"https:\/\/www.sincomam.org.br\/index.php\/wp-json\/wp\/v2\/posts\/26492","targetHints":{"allow":["GET"]}}],"collection":[{"href":"https:\/\/www.sincomam.org.br\/index.php\/wp-json\/wp\/v2\/posts"}],"about":[{"href":"https:\/\/www.sincomam.org.br\/index.php\/wp-json\/wp\/v2\/types\/post"}],"author":[{"embeddable":true,"href":"https:\/\/www.sincomam.org.br\/index.php\/wp-json\/wp\/v2\/users\/1182"}],"replies":[{"embeddable":true,"href":"https:\/\/www.sincomam.org.br\/index.php\/wp-json\/wp\/v2\/comments?post=26492"}],"version-history":[{"count":1,"href":"https:\/\/www.sincomam.org.br\/index.php\/wp-json\/wp\/v2\/posts\/26492\/revisions"}],"predecessor-version":[{"id":26493,"href":"https:\/\/www.sincomam.org.br\/index.php\/wp-json\/wp\/v2\/posts\/26492\/revisions\/26493"}],"wp:featuredmedia":[{"embeddable":true,"href":"https:\/\/www.sincomam.org.br\/index.php\/wp-json\/wp\/v2\/media\/18514"}],"wp:attachment":[{"href":"https:\/\/www.sincomam.org.br\/index.php\/wp-json\/wp\/v2\/media?parent=26492"}],"wp:term":[{"taxonomy":"category","embeddable":true,"href":"https:\/\/www.sincomam.org.br\/index.php\/wp-json\/wp\/v2\/categories?post=26492"},{"taxonomy":"post_tag","embeddable":true,"href":"https:\/\/www.sincomam.org.br\/index.php\/wp-json\/wp\/v2\/tags?post=26492"}],"curies":[{"name":"wp","href":"https:\/\/api.w.org\/{rel}","templated":true}]}}