{"id":26462,"date":"2018-04-03T00:00:25","date_gmt":"2018-04-03T03:00:25","guid":{"rendered":"http:\/\/www.sincomam.org.br\/?p=26462"},"modified":"2018-03-29T09:01:04","modified_gmt":"2018-03-29T12:01:04","slug":"graos-disparam-e-puxam-igp-m-dizem-analistas","status":"publish","type":"post","link":"https:\/\/www.sincomam.org.br\/index.php\/graos-disparam-e-puxam-igp-m-dizem-analistas\/","title":{"rendered":"Gr\u00e3os disparam e puxam IGP-M, dizem analistas"},"content":{"rendered":"<p>Os efeitos do fen\u00f4meno clim\u00e1tico La Ni\u00f1a sobre a produ\u00e7\u00e3o de gr\u00e3os na Argentina e no sul do Brasil provocaram forte disparada dos produtos agropecu\u00e1rios, avaliam economistas, o que elevou a infla\u00e7\u00e3o no atacado. Com essa press\u00e3o, a estimativa m\u00e9dia de 22 institui\u00e7\u00f5es financeiras e consultorias ouvidas pelo Valor Data aponta que o \u00cdndice Geral de Pre\u00e7os &#8211; Mercado (IGP-M) acelerou de 0,07% em fevereiro para 0,63% em mar\u00e7o.<\/p>\n<p>As estimativas para o indicador, a ser divulgado hoje pela FGV, v\u00e3o de alta de 0,48% at\u00e9 0,70%. Se confirmadas as expectativas, a infla\u00e7\u00e3o acumulada em 12 meses pelo IGP-M ter\u00e1 subido para 0,19% em mar\u00e7o, voltando ao campo positivo. O \u00edndice nessa medida est\u00e1 em defla\u00e7\u00e3o desde junho do ano passado.<\/p>\n<p>Com peso de 60% no IGP-M, o \u00cdndice de Pre\u00e7os ao Produtor Amplo (IPA) subiu 0,82% este m\u00eas, estima Fabio Rom\u00e3o, da LCA Consultores, depois de ter recuado 0,02% em fevereiro. A principal influ\u00eancia positiva, segundo Rom\u00e3o, veio dos produtos agropecu\u00e1rios, que sa\u00edram de -0,71% na medi\u00e7\u00e3o anterior para alta de 2,86%.<\/p>\n<p>Al\u00e9m da maior alta dos gr\u00e3os, outros itens devem pressionar os pre\u00e7os agr\u00edcolas ao produtor em mar\u00e7o, acrescenta Rom\u00e3o. Produtos in natura tamb\u00e9m devem ter desacelerado. Esses itens t\u00eam pouco peso no IPA agro, mas ter\u00e3o varia\u00e7\u00f5es significativas. J\u00e1 o IPA industrial deve ter perdido f\u00f4lego na passagem mensal, com alta de 0,16% no IGP-M deste m\u00eas, ante 0,21% no anterior.<\/p>\n<p>A disparada dos pre\u00e7os agropecu\u00e1rios neste m\u00eas n\u00e3o anula o cen\u00e1rio de infla\u00e7\u00e3o ainda comportada de alimentos no varejo, mas refor\u00e7a que n\u00e3o haver\u00e1 nova defla\u00e7\u00e3o anual destes itens, diz o economista. Em 2017, esses pre\u00e7os ca\u00edram 4,9% no \u00cdndice Nacional de Pre\u00e7os ao Consumidor Amplo (IPCA).<\/p>\n<p>Para os economistas Jankiel Santos e Fl\u00e1vio Serrano, do Haitong, a leitura atual do IGP-M deve colocar em xeque o argumento de que os dados de infla\u00e7\u00e3o continuam tranquilos e, portanto, ainda h\u00e1 espa\u00e7o para novos cortes da taxa b\u00e1sica de juros. Para o banco, o indicador aumentou 0,61% em mar\u00e7o, puxado por avan\u00e7o de 2,9% dos produtos agropecu\u00e1rios ao produtor.<\/p>\n<p>&#8220;Se a nossa proje\u00e7\u00e3o for confirmada, ser\u00e1 uma evid\u00eancia de que as leituras favor\u00e1veis na infla\u00e7\u00e3o de alimentos podem estar perto do fim e, consequentemente, de que os pre\u00e7os ao consumidor tamb\u00e9m devem aumentar&#8221;, dizem Santos e Serrano.<\/p>\n<p>O \u00cdndice de Pre\u00e7os ao Consumidor &#8211; M (IPC-M), que representa 30% do indicador geral, desacelerou de 0,28% em fevereiro para 0,11% em mar\u00e7o, projeta Rom\u00e3o, da LCA. Segundo o economista, os grupos de alimenta\u00e7\u00e3o e educa\u00e7\u00e3o registraram queda em seus pre\u00e7os, o que explica a perda de \u00edmpeto prevista para a infla\u00e7\u00e3o no varejo.<\/p>\n<p>Por fim, j\u00e1 divulgado pela FGV, o \u00cdndice Nacional de Custo da Constru\u00e7\u00e3o &#8211; M avan\u00e7ou de 0,14% para 0,23% na passagem mensal. Materiais, equipamentos e servi\u00e7os subiram de 0,32% para 0,50%.<\/p>\n<p>Fonte: Valor<\/p>\n","protected":false},"excerpt":{"rendered":"<p>Os efeitos do fen\u00f4meno clim\u00e1tico La Ni\u00f1a sobre a produ\u00e7\u00e3o de gr\u00e3os na Argentina e no sul do Brasil provocaram forte disparada dos produtos agropecu\u00e1rios,&#8230;<\/p>\n","protected":false},"author":1182,"featured_media":18822,"comment_status":"closed","ping_status":"closed","sticky":false,"template":"","format":"standard","meta":{"footnotes":""},"categories":[6],"tags":[],"class_list":["post-26462","post","type-post","status-publish","format-standard","has-post-thumbnail","hentry","category-noticias"],"_links":{"self":[{"href":"https:\/\/www.sincomam.org.br\/index.php\/wp-json\/wp\/v2\/posts\/26462","targetHints":{"allow":["GET"]}}],"collection":[{"href":"https:\/\/www.sincomam.org.br\/index.php\/wp-json\/wp\/v2\/posts"}],"about":[{"href":"https:\/\/www.sincomam.org.br\/index.php\/wp-json\/wp\/v2\/types\/post"}],"author":[{"embeddable":true,"href":"https:\/\/www.sincomam.org.br\/index.php\/wp-json\/wp\/v2\/users\/1182"}],"replies":[{"embeddable":true,"href":"https:\/\/www.sincomam.org.br\/index.php\/wp-json\/wp\/v2\/comments?post=26462"}],"version-history":[{"count":1,"href":"https:\/\/www.sincomam.org.br\/index.php\/wp-json\/wp\/v2\/posts\/26462\/revisions"}],"predecessor-version":[{"id":26463,"href":"https:\/\/www.sincomam.org.br\/index.php\/wp-json\/wp\/v2\/posts\/26462\/revisions\/26463"}],"wp:featuredmedia":[{"embeddable":true,"href":"https:\/\/www.sincomam.org.br\/index.php\/wp-json\/wp\/v2\/media\/18822"}],"wp:attachment":[{"href":"https:\/\/www.sincomam.org.br\/index.php\/wp-json\/wp\/v2\/media?parent=26462"}],"wp:term":[{"taxonomy":"category","embeddable":true,"href":"https:\/\/www.sincomam.org.br\/index.php\/wp-json\/wp\/v2\/categories?post=26462"},{"taxonomy":"post_tag","embeddable":true,"href":"https:\/\/www.sincomam.org.br\/index.php\/wp-json\/wp\/v2\/tags?post=26462"}],"curies":[{"name":"wp","href":"https:\/\/api.w.org\/{rel}","templated":true}]}}