{"id":26439,"date":"2018-03-29T08:42:06","date_gmt":"2018-03-29T11:42:06","guid":{"rendered":"http:\/\/www.sincomam.org.br\/?p=26439"},"modified":"2018-03-29T08:42:06","modified_gmt":"2018-03-29T11:42:06","slug":"temer-deve-usar-feriado-de-pascoa-para-decidir-sobre-reforma-ministerial","status":"publish","type":"post","link":"https:\/\/www.sincomam.org.br\/index.php\/temer-deve-usar-feriado-de-pascoa-para-decidir-sobre-reforma-ministerial\/","title":{"rendered":"Temer deve usar feriado de P\u00e1scoa para decidir sobre reforma ministerial"},"content":{"rendered":"<p>O ministro da Secretaria de Governo, Carlos Marun, afirmou nesta quarta-feira, 28, que o presidente Michel Temer usar\u00e1 o feriado de P\u00e1scoa para tomar as decis\u00f5es sobre a reforma ministerial. \u201cTemer est\u00e1 fazendo as \u00faltimas avalia\u00e7\u00f5es para tomar decis\u00f5es definitivas\u201d, disse o ministro em entrevista no Pal\u00e1cio do Planalto.<\/p>\n<p>Marun disse que \u201cat\u00e9 agora, nenhuma decis\u00e3o definitiva foi tomada\u201d. Segundo o titular da Secretaria de Governo, nenhum partido \u00e9 dono de cargos no governo, mas Temer aceita sugest\u00f5es.<\/p>\n<p>Ao ser questionado sobre a indica\u00e7\u00e3o de Eduardo Guardia, secret\u00e1rio-executivo da Fazenda, para suceder o ministro Henrique Meirelles, Marun reiterou que n\u00e3o h\u00e1 nenhuma defini\u00e7\u00e3o de nomes.<\/p>\n<p>O ministro ainda afirmou que outro dos nomes cotados para a sucess\u00e3o de Meirelles, o ministro Dyogo Oliveira, s\u00f3 deixar\u00e1 o Minist\u00e9rio do Planejamento se ele mesmo desejar.<\/p>\n<p>Marun disse que, apesar da troca de comando no Minist\u00e9rio da Fazenda, as equipes econ\u00f4micas permanecer\u00e3o no governo. O ministro tamb\u00e9m disse que, neste momento, o governo n\u00e3o condiciona a perman\u00eancia dos partidos \u00e0 frente de minist\u00e9rios a um apoio \u00e0 candidatura do presidente \u00e0 reelei\u00e7\u00e3o.<\/p>\n<p>Deputado licenciado do MDB do Mato Grosso, Marun disse que abriu m\u00e3o de disputar as elei\u00e7\u00f5es a pedido do presidente: \u201cSou um homem de palavra, permanecerei no governo, n\u00e3o disputarei as pr\u00f3ximas elei\u00e7\u00f5es\u201d. Ele confirmou que seu chefe de gabinete, Carlos Henrique Sobral, \u00e9 um dos cotados com apoio do MDB para assumir o minist\u00e9rio do Turismo, entre outros nomes.<\/p>\n<p><b>Celulares<\/b><\/p>\n<p>O ministro negou ter informa\u00e7\u00f5es sobre o andamento da investiga\u00e7\u00e3o solicitada \u00e0 Pol\u00edcia Federal no caso da clonagem dos telefones celulares dele e dos ministros Eliseu Padilha (Casa Civil) e Osmar Terra (Desenvolvimento Social). Para Marun, \u201cdelinquentes\u201d atuaram intencionalmente em telefones que s\u00e3o \u201cquase p\u00fablicos\u201d, porque muitas pessoas se comunicam com os ministros. \u201c\u00c9 dif\u00edcil que seja s\u00f3 coincid\u00eancia\u201d, afirmou.<\/p>\n<p>Segundo o ministro, um amigo dele chegou a atender a um pedido de remessa de dinheiro do criminoso que clonou o celular e transferiu R$ 3,8 mil.<\/p>\n<p>Escalado pelo governo Temer para o embate p\u00fablico com o ministro do Supremo Tribunal Federal (STF), Lu\u00eds Roberto Barroso, respons\u00e1vel por inqu\u00e9rito contra Temer, Marun disse n\u00e3o apresentar\u00e1 um pedido de impeachment do magistrado na pr\u00f3xima sess\u00e3o do Congresso Nacional.<\/p>\n<p><b>Caravana<\/b><\/p>\n<p>Marun afirmou ainda que \u201cn\u00e3o existe risco\u201d \u00e0 realiza\u00e7\u00e3o das elei\u00e7\u00f5es no Pa\u00eds, em outubro, depois da caravana de pr\u00e9-campanha do ex-presidente Lula ter sido atingida por tiros no Paran\u00e1. \u201cRepudiamos de forma absoluta o que aconteceu\u201d, disse.<\/p>\n<p>O ministro disse que o governo Michel Temer ofereceu ajuda da Pol\u00edcia Federal para auxiliar nas investiga\u00e7\u00f5es, mas que ainda n\u00e3o obteve resposta do governador do Paran\u00e1, Beto Richa (PSDB).<\/p>\n<p>Marun disse que o governo confia no trabalho das for\u00e7as de seguran\u00e7a do Paran\u00e1 e que a PF poder\u00e1 apenas colaborar.<\/p>\n","protected":false},"excerpt":{"rendered":"<p>O ministro da Secretaria de Governo, Carlos Marun, afirmou nesta quarta-feira, 28, que o presidente Michel Temer usar\u00e1 o feriado de P\u00e1scoa para tomar as&#8230;<\/p>\n","protected":false},"author":1182,"featured_media":19480,"comment_status":"closed","ping_status":"closed","sticky":false,"template":"","format":"standard","meta":{"footnotes":""},"categories":[6],"tags":[],"class_list":["post-26439","post","type-post","status-publish","format-standard","has-post-thumbnail","hentry","category-noticias"],"_links":{"self":[{"href":"https:\/\/www.sincomam.org.br\/index.php\/wp-json\/wp\/v2\/posts\/26439","targetHints":{"allow":["GET"]}}],"collection":[{"href":"https:\/\/www.sincomam.org.br\/index.php\/wp-json\/wp\/v2\/posts"}],"about":[{"href":"https:\/\/www.sincomam.org.br\/index.php\/wp-json\/wp\/v2\/types\/post"}],"author":[{"embeddable":true,"href":"https:\/\/www.sincomam.org.br\/index.php\/wp-json\/wp\/v2\/users\/1182"}],"replies":[{"embeddable":true,"href":"https:\/\/www.sincomam.org.br\/index.php\/wp-json\/wp\/v2\/comments?post=26439"}],"version-history":[{"count":1,"href":"https:\/\/www.sincomam.org.br\/index.php\/wp-json\/wp\/v2\/posts\/26439\/revisions"}],"predecessor-version":[{"id":26440,"href":"https:\/\/www.sincomam.org.br\/index.php\/wp-json\/wp\/v2\/posts\/26439\/revisions\/26440"}],"wp:featuredmedia":[{"embeddable":true,"href":"https:\/\/www.sincomam.org.br\/index.php\/wp-json\/wp\/v2\/media\/19480"}],"wp:attachment":[{"href":"https:\/\/www.sincomam.org.br\/index.php\/wp-json\/wp\/v2\/media?parent=26439"}],"wp:term":[{"taxonomy":"category","embeddable":true,"href":"https:\/\/www.sincomam.org.br\/index.php\/wp-json\/wp\/v2\/categories?post=26439"},{"taxonomy":"post_tag","embeddable":true,"href":"https:\/\/www.sincomam.org.br\/index.php\/wp-json\/wp\/v2\/tags?post=26439"}],"curies":[{"name":"wp","href":"https:\/\/api.w.org\/{rel}","templated":true}]}}