{"id":26435,"date":"2018-03-29T08:39:26","date_gmt":"2018-03-29T11:39:26","guid":{"rendered":"http:\/\/www.sincomam.org.br\/?p=26435"},"modified":"2018-03-29T08:39:26","modified_gmt":"2018-03-29T11:39:26","slug":"pf-prende-jose-yunes-amigo-e-ex-assessor-de-temer","status":"publish","type":"post","link":"https:\/\/www.sincomam.org.br\/index.php\/pf-prende-jose-yunes-amigo-e-ex-assessor-de-temer\/","title":{"rendered":"PF prende Jos\u00e9 Yunes, amigo e ex-assessor de Temer"},"content":{"rendered":"<p>A Pol\u00edcia Federal (PF) prendeu no in\u00edcio da manh\u00e3 desta quinta-feira, 29, em S\u00e3o Paulo, o empres\u00e1rio Jos\u00e9 Yunes, amigo e ex-assessor do presidente Michel Temer. A ordem de pris\u00e3o tempor\u00e1ria (cinco dias) \u00e9 do ministro Lu\u00eds Roberto Barroso, do Supremo Tribunal Federal.<\/p>\n<p>A Pol\u00edcia Federal informou que, por determina\u00e7\u00e3o do STF, \u201cn\u00e3o se manifestar\u00e1 a respeito das dilig\u00eancias realizadas na presente data\u201d.<\/p>\n<p>O advogado Jos\u00e9 Luis Oliveira Lima, que defende Yunes, divulgou nota para comentar a pris\u00e3o do seu cliente. \u201c\u00c9 inaceit\u00e1vel a pris\u00e3o de um advogado com mais de 50 anos de advocacia, que sempre que intimidado ou mesmo espontaneamente compareceu \u00e0 todos os atos para colaborar. Essa pris\u00e3o ilegal \u00e9 uma viol\u00eancia contra Jos\u00e9 Yunes e contra a cidadania\u201d, escreveu.<\/p>\n<p><ins class=\"adsbygoogle\" data-ad-layout=\"in-article\" data-ad-format=\"fluid\" data-ad-client=\"ca-pub-4663753467999594\" data-ad-slot=\"2453711447\" data-adsbygoogle-status=\"done\"><ins id=\"aswift_0_expand\"><\/ins><\/ins>Fonte: Isto \u00c9<\/p>\n","protected":false},"excerpt":{"rendered":"<p>A Pol\u00edcia Federal (PF) prendeu no in\u00edcio da manh\u00e3 desta quinta-feira, 29, em S\u00e3o Paulo, o empres\u00e1rio Jos\u00e9 Yunes, amigo e ex-assessor do presidente Michel&#8230;<\/p>\n","protected":false},"author":1182,"featured_media":11211,"comment_status":"closed","ping_status":"closed","sticky":false,"template":"","format":"standard","meta":{"footnotes":""},"categories":[6],"tags":[],"class_list":["post-26435","post","type-post","status-publish","format-standard","has-post-thumbnail","hentry","category-noticias"],"_links":{"self":[{"href":"https:\/\/www.sincomam.org.br\/index.php\/wp-json\/wp\/v2\/posts\/26435","targetHints":{"allow":["GET"]}}],"collection":[{"href":"https:\/\/www.sincomam.org.br\/index.php\/wp-json\/wp\/v2\/posts"}],"about":[{"href":"https:\/\/www.sincomam.org.br\/index.php\/wp-json\/wp\/v2\/types\/post"}],"author":[{"embeddable":true,"href":"https:\/\/www.sincomam.org.br\/index.php\/wp-json\/wp\/v2\/users\/1182"}],"replies":[{"embeddable":true,"href":"https:\/\/www.sincomam.org.br\/index.php\/wp-json\/wp\/v2\/comments?post=26435"}],"version-history":[{"count":1,"href":"https:\/\/www.sincomam.org.br\/index.php\/wp-json\/wp\/v2\/posts\/26435\/revisions"}],"predecessor-version":[{"id":26436,"href":"https:\/\/www.sincomam.org.br\/index.php\/wp-json\/wp\/v2\/posts\/26435\/revisions\/26436"}],"wp:featuredmedia":[{"embeddable":true,"href":"https:\/\/www.sincomam.org.br\/index.php\/wp-json\/wp\/v2\/media\/11211"}],"wp:attachment":[{"href":"https:\/\/www.sincomam.org.br\/index.php\/wp-json\/wp\/v2\/media?parent=26435"}],"wp:term":[{"taxonomy":"category","embeddable":true,"href":"https:\/\/www.sincomam.org.br\/index.php\/wp-json\/wp\/v2\/categories?post=26435"},{"taxonomy":"post_tag","embeddable":true,"href":"https:\/\/www.sincomam.org.br\/index.php\/wp-json\/wp\/v2\/tags?post=26435"}],"curies":[{"name":"wp","href":"https:\/\/api.w.org\/{rel}","templated":true}]}}