{"id":26430,"date":"2018-03-28T00:10:19","date_gmt":"2018-03-28T03:10:19","guid":{"rendered":"http:\/\/www.sincomam.org.br\/?p=26430"},"modified":"2018-03-27T09:51:25","modified_gmt":"2018-03-27T12:51:25","slug":"odebrecht-fecha-acordo-de-leniencia-com-cgu-e-agu","status":"publish","type":"post","link":"https:\/\/www.sincomam.org.br\/index.php\/odebrecht-fecha-acordo-de-leniencia-com-cgu-e-agu\/","title":{"rendered":"Odebrecht fecha acordo de leni\u00eancia com CGU e AGU"},"content":{"rendered":"<p>Depois de meses de negocia\u00e7\u00e3o, o grupo Odebrecht e a Controladoria-Geral da Uni\u00e3o (CGU) chegaram a um acerto quanto aos termos do acordo de leni\u00eancia, em que a empresa reconhece irregularidades cometidas em contratos com a Uni\u00e3o e concorda em ressarcir os cofres p\u00fablicos de parte dos recursos desviados. Com o acordo, que ainda precisa ser assinado, a companhia pode voltar a operar com o setor p\u00fablico.<\/p>\n<p>O montante a ser devolvido, segundo apurou o Valor, \u00e9 pr\u00f3ximo dos R$ 3,8 bilh\u00f5es que o grupo j\u00e1 havia negociado para fechar acordo de leni\u00eancia com o Minist\u00e9rio P\u00fablico Federal (MPF) e autoridades dos Estados Unidos e da Su\u00ed\u00e7a. Firmado no fim de 2016, aquele acordo estabeleceu que a Odebrecht devolver\u00e1 R$ 6,9 bilh\u00f5es, em 20 anos, por causa do envolvimento da Braskem (R$ 3,1 bilh\u00f5es) e da construtora do grupo (R$ 3,8 bilh\u00f5es) nos desvios de recursos p\u00fablicos investigados pela Opera\u00e7\u00e3o Lava-Jato.<\/p>\n<p>Os \u00f3rg\u00e3os de controle do governo federal n\u00e3o reconheceram o acordo, alegando, com base na Lei Anticorrup\u00e7\u00e3o (12.846), que sua validade dependia de acerto com a Controladoria-Geral da Uni\u00e3o (CGU) e a Advocacia-Geral da Uni\u00e3o (AGU). Em tese, o acordo n\u00e3o precisa da anu\u00eancia do Tribunal de Contas da Uni\u00e3o (TCU).<\/p>\n<p>A CGU j\u00e1 assinou acordos de leni\u00eancia sem a anu\u00eancia do TCU &#8211; por exemplo, com a UTC, empresa tamb\u00e9m envolvida em casos apurados pela Lava-Jato; por causa disso, houve mal-estar entre as duas institui\u00e7\u00f5es, mas sem consequ\u00eancia para o acerto firmado.<\/p>\n<p>Com o acordo, a Odebrecht se v\u00ea livre da declara\u00e7\u00e3o de inidoneidade expedida pela CGU, que veda a participa\u00e7\u00e3o de companhias envolvidas em casos de corrup\u00e7\u00e3o em licita\u00e7\u00f5es p\u00fablicas e as impedem de tomar empr\u00e9stimos em bancos estatais. Confirmada a assinatura do acerto, a Odebrecht ser\u00e1 a primeira a fechar acordo de leni\u00eancia com todos os \u00f3rg\u00e3os p\u00fablicos envolvidos nas investiga\u00e7\u00f5es.<\/p>\n<p>Fonte: Valor<\/p>\n","protected":false},"excerpt":{"rendered":"<p>Depois de meses de negocia\u00e7\u00e3o, o grupo Odebrecht e a Controladoria-Geral da Uni\u00e3o (CGU) chegaram a um acerto quanto aos termos do acordo de leni\u00eancia,&#8230;<\/p>\n","protected":false},"author":1182,"featured_media":18814,"comment_status":"closed","ping_status":"closed","sticky":false,"template":"","format":"standard","meta":{"footnotes":""},"categories":[6],"tags":[],"class_list":["post-26430","post","type-post","status-publish","format-standard","has-post-thumbnail","hentry","category-noticias"],"_links":{"self":[{"href":"https:\/\/www.sincomam.org.br\/index.php\/wp-json\/wp\/v2\/posts\/26430","targetHints":{"allow":["GET"]}}],"collection":[{"href":"https:\/\/www.sincomam.org.br\/index.php\/wp-json\/wp\/v2\/posts"}],"about":[{"href":"https:\/\/www.sincomam.org.br\/index.php\/wp-json\/wp\/v2\/types\/post"}],"author":[{"embeddable":true,"href":"https:\/\/www.sincomam.org.br\/index.php\/wp-json\/wp\/v2\/users\/1182"}],"replies":[{"embeddable":true,"href":"https:\/\/www.sincomam.org.br\/index.php\/wp-json\/wp\/v2\/comments?post=26430"}],"version-history":[{"count":1,"href":"https:\/\/www.sincomam.org.br\/index.php\/wp-json\/wp\/v2\/posts\/26430\/revisions"}],"predecessor-version":[{"id":26431,"href":"https:\/\/www.sincomam.org.br\/index.php\/wp-json\/wp\/v2\/posts\/26430\/revisions\/26431"}],"wp:featuredmedia":[{"embeddable":true,"href":"https:\/\/www.sincomam.org.br\/index.php\/wp-json\/wp\/v2\/media\/18814"}],"wp:attachment":[{"href":"https:\/\/www.sincomam.org.br\/index.php\/wp-json\/wp\/v2\/media?parent=26430"}],"wp:term":[{"taxonomy":"category","embeddable":true,"href":"https:\/\/www.sincomam.org.br\/index.php\/wp-json\/wp\/v2\/categories?post=26430"},{"taxonomy":"post_tag","embeddable":true,"href":"https:\/\/www.sincomam.org.br\/index.php\/wp-json\/wp\/v2\/tags?post=26430"}],"curies":[{"name":"wp","href":"https:\/\/api.w.org\/{rel}","templated":true}]}}