{"id":26412,"date":"2018-03-27T09:40:36","date_gmt":"2018-03-27T12:40:36","guid":{"rendered":"http:\/\/www.sincomam.org.br\/?p=26412"},"modified":"2018-03-27T09:40:36","modified_gmt":"2018-03-27T12:40:36","slug":"audiencia-publica-debatera-crise-financeira-do-portus","status":"publish","type":"post","link":"https:\/\/www.sincomam.org.br\/index.php\/audiencia-publica-debatera-crise-financeira-do-portus\/","title":{"rendered":"Audi\u00eancia p\u00fablica debater\u00e1 crise financeira do Portus"},"content":{"rendered":"<p>A crise financeira do fundo de pens\u00e3o dos funcion\u00e1rios das companhias docas, o Portus, ser\u00e1 tema de audi\u00eancia p\u00fablica a ser realizada no pr\u00f3ximo dia 3, \u00e0s 9 horas, no plen\u00e1rio da C\u00e2mara de Santos.\u00a0<\/p>\n<p>A iniciativa \u00e9 do presidente do Legislativo, Adilson dos Santos J\u00fanior (PTB). Devido aos problemas de caixa do Portus, que j\u00e1 levaram sindicalistas do setor a pedir a ajuda de ministros e deputados federais, os gestores do fundo de pens\u00e3o decidiram ampliar o desconto sobre os benef\u00edcios e os valores pagos pelos profissionais que ainda contribuem.\u00a0<\/p>\n<p>Fonte: A Tribuna<\/p>\n","protected":false},"excerpt":{"rendered":"<p>A crise financeira do fundo de pens\u00e3o dos funcion\u00e1rios das companhias docas, o Portus, ser\u00e1 tema de audi\u00eancia p\u00fablica a ser realizada no pr\u00f3ximo dia&#8230;<\/p>\n","protected":false},"author":1182,"featured_media":18514,"comment_status":"closed","ping_status":"closed","sticky":false,"template":"","format":"standard","meta":{"footnotes":""},"categories":[6],"tags":[],"class_list":["post-26412","post","type-post","status-publish","format-standard","has-post-thumbnail","hentry","category-noticias"],"_links":{"self":[{"href":"https:\/\/www.sincomam.org.br\/index.php\/wp-json\/wp\/v2\/posts\/26412","targetHints":{"allow":["GET"]}}],"collection":[{"href":"https:\/\/www.sincomam.org.br\/index.php\/wp-json\/wp\/v2\/posts"}],"about":[{"href":"https:\/\/www.sincomam.org.br\/index.php\/wp-json\/wp\/v2\/types\/post"}],"author":[{"embeddable":true,"href":"https:\/\/www.sincomam.org.br\/index.php\/wp-json\/wp\/v2\/users\/1182"}],"replies":[{"embeddable":true,"href":"https:\/\/www.sincomam.org.br\/index.php\/wp-json\/wp\/v2\/comments?post=26412"}],"version-history":[{"count":1,"href":"https:\/\/www.sincomam.org.br\/index.php\/wp-json\/wp\/v2\/posts\/26412\/revisions"}],"predecessor-version":[{"id":26413,"href":"https:\/\/www.sincomam.org.br\/index.php\/wp-json\/wp\/v2\/posts\/26412\/revisions\/26413"}],"wp:featuredmedia":[{"embeddable":true,"href":"https:\/\/www.sincomam.org.br\/index.php\/wp-json\/wp\/v2\/media\/18514"}],"wp:attachment":[{"href":"https:\/\/www.sincomam.org.br\/index.php\/wp-json\/wp\/v2\/media?parent=26412"}],"wp:term":[{"taxonomy":"category","embeddable":true,"href":"https:\/\/www.sincomam.org.br\/index.php\/wp-json\/wp\/v2\/categories?post=26412"},{"taxonomy":"post_tag","embeddable":true,"href":"https:\/\/www.sincomam.org.br\/index.php\/wp-json\/wp\/v2\/tags?post=26412"}],"curies":[{"name":"wp","href":"https:\/\/api.w.org\/{rel}","templated":true}]}}