{"id":26402,"date":"2018-03-27T09:11:02","date_gmt":"2018-03-27T12:11:02","guid":{"rendered":"http:\/\/www.sincomam.org.br\/?p=26402"},"modified":"2018-03-27T09:11:02","modified_gmt":"2018-03-27T12:11:02","slug":"moro-diz-que-discussao-sobre-prisao-em-2a-instancia-esta-alem-de-lula-e-lava-jato","status":"publish","type":"post","link":"https:\/\/www.sincomam.org.br\/index.php\/moro-diz-que-discussao-sobre-prisao-em-2a-instancia-esta-alem-de-lula-e-lava-jato\/","title":{"rendered":"Moro diz que discuss\u00e3o sobre pris\u00e3o em 2\u00aa inst\u00e2ncia est\u00e1 al\u00e9m de Lula e Lava Jato"},"content":{"rendered":"<div class=\"mc-column content-text active-extra-styles active-capital-letter\" data-block-type=\"unstyled\" data-block-weight=\"55\" data-block-id=\"2\">\n<p class=\"content-text__container theme-color-primary-first-letter\" data-track-category=\"Link no Texto\" data-track-links=\"\">O juiz federal S\u00e9rgio Moro, respons\u00e1vel pelos processos da Lava Jato em primeiro grau, afirmou que as discuss\u00f5es envolvendo pris\u00f5es em 2\u00aa inst\u00e2ncia v\u00e3o al\u00e9m da opera\u00e7\u00e3o e da condena\u00e7\u00e3o do ex-presidente Lula, e que esperar o fim de todos os recursos para executar pris\u00f5es de condenados seria um &#8216;desastre&#8217;.<\/p>\n<\/div>\n<div class=\"mc-column content-text active-extra-styles \" data-block-type=\"unstyled\" data-block-weight=\"60\" data-block-id=\"3\">\n<p class=\"content-text__container \" data-track-category=\"Link no Texto\" data-track-links=\"\">A declara\u00e7\u00e3o de Moro foi dada durante entrevista ao programa &#8216;Roda Viva&#8217;, da TV Cultura, ao responder sobre o julgamento no Supremo Tribunal Federal (STF) do pedido de habeas corpus preventivo do ex-presidente Lula. O julgamento, que analisar\u00e1 o pedido para evitar a pris\u00e3o ap\u00f3s condena\u00e7\u00e3o no Tribunal Regional Federal da 4\u00aa Regi\u00e3o (TRF-4), est\u00e1 marcado para 4 de abril.<\/p>\n<p>\u201cFoi estabelecido um precedente importante, em 2016, pelo saudoso ministro Teori Zavascki. Se for esperar o \u00faltimo julgamento seria um desastre muito grande, porque levaria \u00e0 impunidade, especialmente dos poderosos. \u00c9 um assunto que transcende o ex-presidente Lula\u201d, disse Moro.<\/p>\n<\/div>\n<div class=\"mc-column content-text active-extra-styles \" data-block-type=\"unstyled\" data-block-weight=\"67\" data-block-id=\"5\">\n<p class=\"content-text__container \" data-track-category=\"Link no Texto\" data-track-links=\"\">O juiz afirmou que das 114 execu\u00e7\u00f5es de pena ordenadas por ele na 13\u00aa Vara Federal de Curitiba (PR), onde atua, e confirmadas em 2\u00aa inst\u00e2ncia, apenas 12 envolvem a Lava Jato. &#8220;T\u00eam l\u00e1 peculatos milion\u00e1rios, dinheiro desviado da sa\u00fade, da educa\u00e7\u00e3o, e que faz falta para a popula\u00e7\u00e3o. Tem traficante, tem ped\u00f3filo, doleiros, e isso estou falando dentro de um universo pequeno, de onde eu trabalho.&#8221;<\/p>\n<p>&#8220;Ent\u00e3o, uma revis\u00e3o desse precedente teria um efeito pr\u00e1tico muito ruim. Como chamou o ministro Barroso, \u00e9 tr\u00e1gico. E al\u00e9m disso passaria uma mensagem no sentido de que n\u00e3o cabe mais avan\u00e7ar, vamos dar um passo atr\u00e1s.&#8221;<\/p>\n<p><strong>&#8216;Acord\u00e3o&#8217; e pris\u00e3o de Lula<\/strong><\/p>\n<\/div>\n<div class=\"mc-column content-text active-extra-styles \" data-block-type=\"unstyled\" data-block-weight=\"48\" data-block-id=\"8\">\n<p class=\"content-text__container \" data-track-category=\"Link no Texto\" data-track-links=\"\">Questionado sobre a possibilidade de existir um &#8216;acord\u00e3o&#8217; que possa beneficiar Lula para evitar a pris\u00e3o do ex-presidente, Moro afirmou que nega acreditar nessa hip\u00f3tese. &#8220;Eu n\u00e3o posso acreditar numa hip\u00f3tese dessa. J\u00e1 tive a oportunidade de conhecer os ministros, ver como funciona, n\u00e3o posso acreditar nisso&#8221;, disse.<\/p>\n<\/div>\n<div class=\"mc-column content-text active-extra-styles \" data-block-type=\"unstyled\" data-block-weight=\"46\" data-block-id=\"10\">\n<p class=\"content-text__container \" data-track-category=\"Link no Texto\" data-track-links=\"\">Ao citar os ministros que comp\u00f5em o Supremo e que analisar\u00e3o o pedido de habeas corpus preventivo do ex-presidente, Moro elogiou a ministra Rosa Weber. &#8220;Tenho apre\u00e7o especial pela ministra Rosa Weber, com quem trabalhei. Pude observar a seriedade da ministra, a qualidade t\u00e9cnica da ministra\u201d. Sobre a pris\u00e3o do ex-presidente, o juiz, que condenou Lula \u00e0 pena de 9 anos e 6 meses no caso triplex (pena que foi aumentada para 12 anos e um m\u00eas pelo TRF-4), afirmou que a decis\u00e3o da pris\u00e3o coube ao Tribunal Regional e que a suspens\u00e3o ou n\u00e3o cabe ao STF.<\/p>\n<p>Fonte: G1<\/p>\n<\/div>\n<div class=\"mc-column content-text active-extra-styles\" data-block-type=\"raw\" data-block-weight=\"35\" data-block-id=\"12\"><\/div>\n","protected":false},"excerpt":{"rendered":"<p>O juiz federal S\u00e9rgio Moro, respons\u00e1vel pelos processos da Lava Jato em primeiro grau, afirmou que as discuss\u00f5es envolvendo pris\u00f5es em 2\u00aa inst\u00e2ncia v\u00e3o al\u00e9m&#8230;<\/p>\n","protected":false},"author":1182,"featured_media":18842,"comment_status":"closed","ping_status":"closed","sticky":false,"template":"","format":"standard","meta":{"footnotes":""},"categories":[6],"tags":[],"class_list":["post-26402","post","type-post","status-publish","format-standard","has-post-thumbnail","hentry","category-noticias"],"_links":{"self":[{"href":"https:\/\/www.sincomam.org.br\/index.php\/wp-json\/wp\/v2\/posts\/26402","targetHints":{"allow":["GET"]}}],"collection":[{"href":"https:\/\/www.sincomam.org.br\/index.php\/wp-json\/wp\/v2\/posts"}],"about":[{"href":"https:\/\/www.sincomam.org.br\/index.php\/wp-json\/wp\/v2\/types\/post"}],"author":[{"embeddable":true,"href":"https:\/\/www.sincomam.org.br\/index.php\/wp-json\/wp\/v2\/users\/1182"}],"replies":[{"embeddable":true,"href":"https:\/\/www.sincomam.org.br\/index.php\/wp-json\/wp\/v2\/comments?post=26402"}],"version-history":[{"count":1,"href":"https:\/\/www.sincomam.org.br\/index.php\/wp-json\/wp\/v2\/posts\/26402\/revisions"}],"predecessor-version":[{"id":26403,"href":"https:\/\/www.sincomam.org.br\/index.php\/wp-json\/wp\/v2\/posts\/26402\/revisions\/26403"}],"wp:featuredmedia":[{"embeddable":true,"href":"https:\/\/www.sincomam.org.br\/index.php\/wp-json\/wp\/v2\/media\/18842"}],"wp:attachment":[{"href":"https:\/\/www.sincomam.org.br\/index.php\/wp-json\/wp\/v2\/media?parent=26402"}],"wp:term":[{"taxonomy":"category","embeddable":true,"href":"https:\/\/www.sincomam.org.br\/index.php\/wp-json\/wp\/v2\/categories?post=26402"},{"taxonomy":"post_tag","embeddable":true,"href":"https:\/\/www.sincomam.org.br\/index.php\/wp-json\/wp\/v2\/tags?post=26402"}],"curies":[{"name":"wp","href":"https:\/\/api.w.org\/{rel}","templated":true}]}}