{"id":26399,"date":"2018-03-26T05:56:11","date_gmt":"2018-03-26T08:56:11","guid":{"rendered":"http:\/\/www.sincomam.org.br\/?p=26399"},"modified":"2018-03-26T10:57:07","modified_gmt":"2018-03-26T13:57:07","slug":"porto-do-pecem-completa-16-anos-de-funcionamento","status":"publish","type":"post","link":"https:\/\/www.sincomam.org.br\/index.php\/porto-do-pecem-completa-16-anos-de-funcionamento\/","title":{"rendered":"Porto do Pec\u00e9m completa 16 anos de funcionamento"},"content":{"rendered":"<p>H\u00e1 exatos 16 anos a hist\u00f3ria do setor portu\u00e1rio do Cear\u00e1 come\u00e7ava a ser reescrita: era inaugurado o Porto do Pec\u00e9m. Com uma infraestrutura singular, o porto cearense se destacou e, atualmente, \u00e9 uma das principais portas de sa\u00edda e entrada de mercadorias das regi\u00f5es Norte\/Nordeste.<\/p>\n<p>Em 2017 bateu recorde de movimenta\u00e7\u00f5es, totalizando 15,8 milh\u00f5es de toneladas de mercadorias importadas e exportadas. Em 2018, segundo o presidente do porto, Danilo Serpa, a expectativa \u00e9 de que o crescimento seja cerca de 10% superior ao ano de 2017.\u00a0 At\u00e9 o final de fevereiro, j\u00e1 foram movimentadas mais de 2 milh\u00f5es de toneladas.<\/p>\n<p>Entre as mercadorias mais movimentadas atrav\u00e9s do Pec\u00e9m est\u00e3o o carv\u00e3o mineral, min\u00e9rio de ferro, materiais e\u00f3licos, frutas frescas e as placas de a\u00e7o, que s\u00e3o produzidas pela Companhia Sider\u00fargica do Pec\u00e9m (CSP).<\/p>\n<p>MELHORIAS<\/p>\n<p>Para registrar este resultado, o Porto do Pec\u00e9m passou por duas obras de expans\u00e3o realizadas pelo Governo do Cear\u00e1. \u201cAtualmente estamos finalizando a obra de segunda expans\u00e3o, estamos dobrando de tamanho. Por causa do conjunto de todos esses esfor\u00e7os temos um porto de escala internacional\u201d, declara Serpa.<\/p>\n<p>Hoje, o Porto do Pec\u00e9m possui uma infraestrutura moderna, localiza\u00e7\u00e3o estrat\u00e9gica, com menor tempo de viagem para diversos lugares do mundo, al\u00e9m de um maquin\u00e1rio de \u00faltima gera\u00e7\u00e3o que aumenta a produtividade das opera\u00e7\u00f5es atrav\u00e9s do porto. \u201cEstamos trabalhando e divulgando o Porto para grandes empresas internacionais. Sabemos da nossa capacidade, agora s\u00f3 precisamos mostrar para todos que o Porto do Pec\u00e9m est\u00e1 com toda a infraestrutura pronta\u00a0 e n\u00e3o falo somente do Porto, mas de todo o complexo que est\u00e1 preparado, inclusive com uma Zona de Processamento de Exporta\u00e7\u00e3o (ZPE\/CE), a unica em funcionamento no Brasil, para receber qualquer investimento, um exemplo disso \u00e9 a CSP&#8221;, finaliza.<\/p>\n<p>RECONHECIMENTO<\/p>\n<p>Com uma profundidade natural de at\u00e9 15,7 metros, o Porto do Pec\u00e9m tem a capacidade de receber as grandes embarca\u00e7\u00f5es que passam pelo novo canal do Panam\u00e1, com isto, no in\u00edcio do ano, foi anunciado um novo servi\u00e7o que atender\u00e1 a \u00c1sia, das linhas de navega\u00e7\u00e3o Maersk Line\/Hamburg Sud. A AC5, nome do novo servi\u00e7o, abre um leque de oportunidades para os empres\u00e1rios da Regi\u00f5es Norte\/Nordeste do pa\u00eds. \u201cO porto do Pec\u00e9m ser\u00e1 a \u00fanica para do servi\u00e7o no Brasil e levar\u00e1, em m\u00e9dia, 29 dias de viagem. Este novo servi\u00e7o nos tornar\u00e1 um hub de cargas\u201d, finaliza Serpa. Al\u00e9m da nova linha, o Porto do Pec\u00e9m possui servi\u00e7os semanais para Estados Unidos e Europa.<\/p>\n<p>Fonte: Ascom Cearaportos<\/p>\n","protected":false},"excerpt":{"rendered":"<p>H\u00e1 exatos 16 anos a hist\u00f3ria do setor portu\u00e1rio do Cear\u00e1 come\u00e7ava a ser reescrita: era inaugurado o Porto do Pec\u00e9m. Com uma infraestrutura singular,&#8230;<\/p>\n","protected":false},"author":1182,"featured_media":19265,"comment_status":"closed","ping_status":"closed","sticky":false,"template":"","format":"standard","meta":{"footnotes":""},"categories":[6],"tags":[],"class_list":["post-26399","post","type-post","status-publish","format-standard","has-post-thumbnail","hentry","category-noticias"],"_links":{"self":[{"href":"https:\/\/www.sincomam.org.br\/index.php\/wp-json\/wp\/v2\/posts\/26399","targetHints":{"allow":["GET"]}}],"collection":[{"href":"https:\/\/www.sincomam.org.br\/index.php\/wp-json\/wp\/v2\/posts"}],"about":[{"href":"https:\/\/www.sincomam.org.br\/index.php\/wp-json\/wp\/v2\/types\/post"}],"author":[{"embeddable":true,"href":"https:\/\/www.sincomam.org.br\/index.php\/wp-json\/wp\/v2\/users\/1182"}],"replies":[{"embeddable":true,"href":"https:\/\/www.sincomam.org.br\/index.php\/wp-json\/wp\/v2\/comments?post=26399"}],"version-history":[{"count":1,"href":"https:\/\/www.sincomam.org.br\/index.php\/wp-json\/wp\/v2\/posts\/26399\/revisions"}],"predecessor-version":[{"id":26400,"href":"https:\/\/www.sincomam.org.br\/index.php\/wp-json\/wp\/v2\/posts\/26399\/revisions\/26400"}],"wp:featuredmedia":[{"embeddable":true,"href":"https:\/\/www.sincomam.org.br\/index.php\/wp-json\/wp\/v2\/media\/19265"}],"wp:attachment":[{"href":"https:\/\/www.sincomam.org.br\/index.php\/wp-json\/wp\/v2\/media?parent=26399"}],"wp:term":[{"taxonomy":"category","embeddable":true,"href":"https:\/\/www.sincomam.org.br\/index.php\/wp-json\/wp\/v2\/categories?post=26399"},{"taxonomy":"post_tag","embeddable":true,"href":"https:\/\/www.sincomam.org.br\/index.php\/wp-json\/wp\/v2\/tags?post=26399"}],"curies":[{"name":"wp","href":"https:\/\/api.w.org\/{rel}","templated":true}]}}