{"id":26393,"date":"2018-03-26T04:00:10","date_gmt":"2018-03-26T07:00:10","guid":{"rendered":"http:\/\/www.sincomam.org.br\/?p=26393"},"modified":"2018-03-26T10:52:10","modified_gmt":"2018-03-26T13:52:10","slug":"tribunal-da-lava-jato-julga-hoje-recurso-decisivo-de-lula","status":"publish","type":"post","link":"https:\/\/www.sincomam.org.br\/index.php\/tribunal-da-lava-jato-julga-hoje-recurso-decisivo-de-lula\/","title":{"rendered":"Tribunal da Lava Jato julga hoje recurso decisivo de Lula"},"content":{"rendered":"<p>O Tribunal Regional Federal da 4\u00aa Regi\u00e3o (TRF-4) julga nesta segunda-feira, 26, o embargo de declara\u00e7\u00e3o do ex-presidente Lula contra o ac\u00f3rd\u00e3o que o condenou a 12 anos e um m\u00eas de pris\u00e3o no caso triplex, por corrup\u00e7\u00e3o e lavagem de dinheiro. A sess\u00e3o est\u00e1 marcada para as 13h30 e n\u00e3o ter\u00e1 transmiss\u00e3o nem por v\u00eddeo e nem por \u00e1udio.<\/p>\n<p>Se houver pedido de prefer\u00eancia por parte das defesas, o julgamento poder\u00e1 ocorrer no in\u00edcio da sess\u00e3o. Se n\u00e3o, ser\u00e1 julgado ap\u00f3s as sustenta\u00e7\u00f5es orais. A sess\u00e3o da 8\u00aa Turma \u00e9 p\u00fablica, mas devido a restri\u00e7\u00f5es de espa\u00e7o f\u00edsico, somente ter\u00e3o acesso \u00e0 sala as procuradorias e os advogados das partes.<\/p>\n<p>Se perder este recurso, Lula pode ter sua pris\u00e3o decretada. O ex-presidente, no entanto, n\u00e3o pode ser preso neste processo.<\/p>\n<p>Lula est\u00e1 livre da pris\u00e3o, pelo menos at\u00e9 depois da P\u00e1scoa, por ordem do Supremo Tribunal Federal (STF). Na quinta-feira, 22, a Corte m\u00e1xima concedeu um salvo-conduto a Lula, impedindo eventual ordem de pris\u00e3o contra o ex-presidente no caso tr\u00edplex.<\/p>\n<p>Os embargos de declara\u00e7\u00e3o t\u00eam rito mais c\u00e9lere. No julgamento, n\u00e3o h\u00e1 sustenta\u00e7\u00e3o oral das defesas nem do Minist\u00e9rio P\u00fablico Federal e o relator pode ou n\u00e3o se pronunciar, fazendo um breve relato do pedido e um resumo do voto. Na sequ\u00eancia, votam os outros dois integrantes da turma.<\/p>\n<p>Os advogados do ex-presidente entregaram o embargo de declara\u00e7\u00e3o no dia 20 de fevereiro. Por meio do recurso, sua defesa questiona \u2018obscuridades e omiss\u00f5es\u2019 no ac\u00f3rd\u00e3o do TRF-4 que imp\u00f4s ao ex-presidente a pena de pris\u00e3o em 24 de janeiro.<\/p>\n<p>Na primeira inst\u00e2ncia, o ex-presidente havia sido condenado pelo juiz S\u00e9rgio Moro a 9 anos e 6 meses de pris\u00e3o.<\/p>\n<p>Ap\u00f3s a publica\u00e7\u00e3o do ac\u00f3rd\u00e3o do embargo de declara\u00e7\u00e3o, a defesa pode, em at\u00e9 12 dias, entrar com outro embargo de declara\u00e7\u00e3o relativo ao recurso anterior. Este novo embargo tamb\u00e9m \u00e9 analisado pelos desembargadores.<\/p>\n<p>A defesa de Lula tem direito ainda a entrar com Recurso Especial perante o Superior Tribunal de Justi\u00e7a (STJ) e com Recurso Extraordin\u00e1rio no Supremo Tribunal Federal. Esses recursos devem ser apresentados simultaneamente e n\u00e3o t\u00eam efeito suspensivo. Os advogados podem, no entanto, pedir a suspens\u00e3o do envio do cumprimento da medida para Curitiba enquanto as Cortes em Bras\u00edlia n\u00e3o julgarem os pedidos.<\/p>\n<div>\n<p>Al\u00e9m de Gebran Neto, fazem parte da 8\u00aa Turma os desembargadores Leandro Paulsen, revisor da Lava Jato na Corte, e Victor Laus. Se algum desembargador estiver em f\u00e9rias, a Turma continua trabalhando normalmente com ju\u00edzes convocados.<\/p>\n<div id=\"admateria5\"><ins class=\"adsbygoogle\" data-ad-layout=\"in-article\" data-ad-format=\"fluid\" data-ad-client=\"ca-pub-4663753467999594\" data-ad-slot=\"2453711447\" data-adsbygoogle-status=\"done\"><ins id=\"aswift_0_expand\"><\/ins><\/ins>Fonte: Isto \u00c9 Dinheiro<\/div>\n<\/div>\n<div id=\"admateria4\" data-google-query-id=\"COaznv-QitoCFQMkHwodeF4B_w\"><\/div>\n","protected":false},"excerpt":{"rendered":"<p>O Tribunal Regional Federal da 4\u00aa Regi\u00e3o (TRF-4) julga nesta segunda-feira, 26, o embargo de declara\u00e7\u00e3o do ex-presidente Lula contra o ac\u00f3rd\u00e3o que o condenou&#8230;<\/p>\n","protected":false},"author":1182,"featured_media":18583,"comment_status":"closed","ping_status":"closed","sticky":false,"template":"","format":"standard","meta":{"footnotes":""},"categories":[6],"tags":[],"class_list":["post-26393","post","type-post","status-publish","format-standard","has-post-thumbnail","hentry","category-noticias"],"_links":{"self":[{"href":"https:\/\/www.sincomam.org.br\/index.php\/wp-json\/wp\/v2\/posts\/26393","targetHints":{"allow":["GET"]}}],"collection":[{"href":"https:\/\/www.sincomam.org.br\/index.php\/wp-json\/wp\/v2\/posts"}],"about":[{"href":"https:\/\/www.sincomam.org.br\/index.php\/wp-json\/wp\/v2\/types\/post"}],"author":[{"embeddable":true,"href":"https:\/\/www.sincomam.org.br\/index.php\/wp-json\/wp\/v2\/users\/1182"}],"replies":[{"embeddable":true,"href":"https:\/\/www.sincomam.org.br\/index.php\/wp-json\/wp\/v2\/comments?post=26393"}],"version-history":[{"count":1,"href":"https:\/\/www.sincomam.org.br\/index.php\/wp-json\/wp\/v2\/posts\/26393\/revisions"}],"predecessor-version":[{"id":26394,"href":"https:\/\/www.sincomam.org.br\/index.php\/wp-json\/wp\/v2\/posts\/26393\/revisions\/26394"}],"wp:featuredmedia":[{"embeddable":true,"href":"https:\/\/www.sincomam.org.br\/index.php\/wp-json\/wp\/v2\/media\/18583"}],"wp:attachment":[{"href":"https:\/\/www.sincomam.org.br\/index.php\/wp-json\/wp\/v2\/media?parent=26393"}],"wp:term":[{"taxonomy":"category","embeddable":true,"href":"https:\/\/www.sincomam.org.br\/index.php\/wp-json\/wp\/v2\/categories?post=26393"},{"taxonomy":"post_tag","embeddable":true,"href":"https:\/\/www.sincomam.org.br\/index.php\/wp-json\/wp\/v2\/tags?post=26393"}],"curies":[{"name":"wp","href":"https:\/\/api.w.org\/{rel}","templated":true}]}}