{"id":26389,"date":"2018-03-26T10:47:46","date_gmt":"2018-03-26T13:47:46","guid":{"rendered":"http:\/\/www.sincomam.org.br\/?p=26389"},"modified":"2018-03-26T10:47:46","modified_gmt":"2018-03-26T13:47:46","slug":"eduardo-cunha-reclama-do-transporte-para-audiencias-e-moro-diz-que-veiculo-esta-longe-de-causar-sofrimento","status":"publish","type":"post","link":"https:\/\/www.sincomam.org.br\/index.php\/eduardo-cunha-reclama-do-transporte-para-audiencias-e-moro-diz-que-veiculo-esta-longe-de-causar-sofrimento\/","title":{"rendered":"Eduardo Cunha reclama do transporte para audi\u00eancias, e Moro diz que ve\u00edculo est\u00e1 \u2018longe de causar sofrimento\u2019"},"content":{"rendered":"<div class=\"mc-column content-text active-extra-styles active-capital-letter\" data-block-type=\"unstyled\" data-block-weight=\"45\">\n<p class=\"content-text__container theme-color-primary-first-letter\" data-track-category=\"Link no Texto\" data-track-links=\"\">O ex-deputado Eduardo Cunha reclamou por duas vezes do transporte utilizado para lev\u00e1-lo \u00e0s audi\u00eancias da Opera\u00e7\u00e3o Lava Jato. O juiz federal S\u00e9rgio Moro informou que fez uma inspe\u00e7\u00e3o e que o ve\u00edculo \u201cest\u00e1 longe de causar sofrimento\u201d.<\/p>\n<\/div>\n<div class=\"mc-column content-text active-extra-styles \" data-block-type=\"unstyled\" data-block-weight=\"50\">\n<p class=\"content-text__container \" data-track-category=\"Link no Texto\" data-track-links=\"\">De acordo com o magistrado, o r\u00e9u \u00e9 transportado sozinho na parte de tr\u00e1s do ve\u00edculo, em bancos acolchoados e com cinto de seguran\u00e7a, nos dias em que precisa ser levado do Complexo M\u00e9dico-Penal, na Regi\u00e3o Metropolitana de Curitiba, onde est\u00e1 preso, para a sede da Justi\u00e7a Federal na capital.\u00a0<\/p>\n<\/div>\n<div class=\"mc-column content-text active-extra-styles \" data-block-type=\"unstyled\" data-block-weight=\"49\">\n<p class=\"content-text__container \" data-track-category=\"Link no Texto\" data-track-links=\"\">\u201cDe fato, o transporte no local n\u00e3o \u00e9 totalmente confort\u00e1vel, mas est\u00e1 longe de causar sofrimento ou de ser indigno ao transportado. Entendo que, com todo o respeito ao ex-Deputado, as condi\u00e7\u00f5es, embora n\u00e3o sejam ideais, s\u00e3o adequadas, considerando as limita\u00e7\u00f5es de recursos das for\u00e7as de seguran\u00e7a\u201d, argumenta Moro.\u00a0<\/p>\n<\/div>\n<div class=\"mc-column content-text active-extra-styles \" data-block-type=\"unstyled\" data-block-weight=\"38\">\n<p class=\"content-text__container \" data-track-category=\"Link no Texto\" data-track-links=\"\">Ainda segundo o juiz, n\u00e3o h\u00e1 como exigir que o transporte seja feito sempre em uma van, ou como permitir que o ex-deputado seja transportado sentado no meio de agentes armados, o que viola os protocolos de seguran\u00e7a.\u00a0<\/p>\n<\/div>\n<div class=\"mc-column content-media content-media--normal  content-photo\" data-block-type=\"backstage-photo\">\n<div class=\"content-media__container\">\n<div class=\"content-media__description-centered \">\n<p class=\"content-media__description\">\u201cEnt\u00e3o \u00e9 o que se disp\u00f5em para a escolta, sendo de se observar que o acusado j\u00e1 foi condenado criminalmente por outro processo, em duas inst\u00e2ncias\u201d, finaliza, em despacho publicado na \u00faltima quarta-feira (21).\u00a0<\/p>\n<\/div>\n<\/div>\n<\/div>\n<div class=\"mc-column content-text active-extra-styles \" data-block-type=\"unstyled\" data-block-weight=\"15\">\n<p class=\"content-text__container \" data-track-category=\"Link no Texto\" data-track-links=\"\">Em despacho anterior, de 9 de mar\u00e7o, Moro j\u00e1 havia se posicionado sobre a reclama\u00e7\u00e3o.\u00a0<\/p>\n<\/div>\n<div class=\"mc-column content-text active-extra-styles \" data-block-type=\"unstyled\" data-block-weight=\"49\">\n<p class=\"content-text__container \" data-track-category=\"Link no Texto\" data-track-links=\"\">\u201cN\u00e3o me parece que o transporte na traseira, nas condi\u00e7\u00f5es apontadas, traga maiores desconfortos ao preso e, por outro lado, o preso, mesmo n\u00e3o tendo hist\u00f3rico de viol\u00eancia, n\u00e3o pode ser transportado ao lado de agentes armados sob pena de incorrer em situa\u00e7\u00f5es de risco desnecess\u00e1rias\u201d, afirmou o juiz.<\/p>\n<p>Fonte: G1<\/p>\n<\/div>\n","protected":false},"excerpt":{"rendered":"<p>O ex-deputado Eduardo Cunha reclamou por duas vezes do transporte utilizado para lev\u00e1-lo \u00e0s audi\u00eancias da Opera\u00e7\u00e3o Lava Jato. O juiz federal S\u00e9rgio Moro informou&#8230;<\/p>\n","protected":false},"author":1182,"featured_media":18272,"comment_status":"closed","ping_status":"closed","sticky":false,"template":"","format":"standard","meta":{"footnotes":""},"categories":[6],"tags":[],"class_list":["post-26389","post","type-post","status-publish","format-standard","has-post-thumbnail","hentry","category-noticias"],"_links":{"self":[{"href":"https:\/\/www.sincomam.org.br\/index.php\/wp-json\/wp\/v2\/posts\/26389","targetHints":{"allow":["GET"]}}],"collection":[{"href":"https:\/\/www.sincomam.org.br\/index.php\/wp-json\/wp\/v2\/posts"}],"about":[{"href":"https:\/\/www.sincomam.org.br\/index.php\/wp-json\/wp\/v2\/types\/post"}],"author":[{"embeddable":true,"href":"https:\/\/www.sincomam.org.br\/index.php\/wp-json\/wp\/v2\/users\/1182"}],"replies":[{"embeddable":true,"href":"https:\/\/www.sincomam.org.br\/index.php\/wp-json\/wp\/v2\/comments?post=26389"}],"version-history":[{"count":1,"href":"https:\/\/www.sincomam.org.br\/index.php\/wp-json\/wp\/v2\/posts\/26389\/revisions"}],"predecessor-version":[{"id":26390,"href":"https:\/\/www.sincomam.org.br\/index.php\/wp-json\/wp\/v2\/posts\/26389\/revisions\/26390"}],"wp:featuredmedia":[{"embeddable":true,"href":"https:\/\/www.sincomam.org.br\/index.php\/wp-json\/wp\/v2\/media\/18272"}],"wp:attachment":[{"href":"https:\/\/www.sincomam.org.br\/index.php\/wp-json\/wp\/v2\/media?parent=26389"}],"wp:term":[{"taxonomy":"category","embeddable":true,"href":"https:\/\/www.sincomam.org.br\/index.php\/wp-json\/wp\/v2\/categories?post=26389"},{"taxonomy":"post_tag","embeddable":true,"href":"https:\/\/www.sincomam.org.br\/index.php\/wp-json\/wp\/v2\/tags?post=26389"}],"curies":[{"name":"wp","href":"https:\/\/api.w.org\/{rel}","templated":true}]}}