{"id":26387,"date":"2018-03-26T10:32:31","date_gmt":"2018-03-26T13:32:31","guid":{"rendered":"http:\/\/www.sincomam.org.br\/?p=26387"},"modified":"2018-03-26T10:32:31","modified_gmt":"2018-03-26T13:32:31","slug":"meirelles-diz-a-interlocutores-que-pode-se-filiar-ao-mdb-primeiro-passo-para-deixar-a-fazenda-e-ser-candidato","status":"publish","type":"post","link":"https:\/\/www.sincomam.org.br\/index.php\/meirelles-diz-a-interlocutores-que-pode-se-filiar-ao-mdb-primeiro-passo-para-deixar-a-fazenda-e-ser-candidato\/","title":{"rendered":"Meirelles diz a interlocutores que pode se filiar ao MDB, primeiro passo para deixar a Fazenda e ser candidato"},"content":{"rendered":"<article itemprop=\"articleBody\">\n<div class=\"mc-column content-text active-extra-styles active-capital-letter\" data-block-type=\"unstyled\" data-block-weight=\"86\">\n<p class=\"content-text__container theme-color-primary-first-letter\" data-track-category=\"Link no Texto\" data-track-links=\"\">O ministro da Fazenda, Henrique Meirelles (PSD), disse a interlocutores neste fim de semana que pode se filiar ao MDB, o que seria o primeiro passa para uma candidatura neste ano, o que o levaria a deixar o comando da equipe econ\u00f4mica. Nestas conversas, ele afirmou que ainda n\u00e3o tomou uma decis\u00e3o final, mas que pode definir pelo menos se muda realmente de partido at\u00e9 o dia 2 de abril. A data de sa\u00edda do cargo, exigida por lei, \u00e9 antes do dia 7 de abril.\u00a0<\/p>\n<\/div>\n<div class=\"mc-column content-text active-extra-styles \" data-block-type=\"unstyled\" data-block-weight=\"74\">\n<p class=\"content-text__container \" data-track-category=\"Link no Texto\" data-track-links=\"\">Meirelles, que est\u00e1 no PSD, j\u00e1 foi avisado pela c\u00fapula do partido que a sigla deve fazer uma alian\u00e7a com o PSDB e apoiar a candidatura do governador de S\u00e3o Paulo, Geraldo Alckmin, \u00e0 Presid\u00eancia da Rep\u00fablica. Assim, para tentar viabilizar uma candidatura, o ministro da Fazenda ter\u00e1 de deixar seu atual partido. Antes, pensou em se filiar a uma legenda menor. Agora, por\u00e9m, estimulado pelo presidente Michel Temer.<\/p>\n<\/div>\n<div class=\"mc-column content-text active-extra-styles \" data-block-type=\"unstyled\" data-block-weight=\"60\">\n<p class=\"content-text__container \" data-track-category=\"Link no Texto\" data-track-links=\"\">A expectativa do ministro \u00e9 que, com a filia\u00e7\u00e3o ao MDB, ele pode acabar se tornando candidato a presidente caso Temer desista da reelei\u00e7\u00e3o. Ele admitiu na semana passada que pode se candidatar \u00e0 Presid\u00eancia da Rep\u00fablica neste ano. Agora, se Temer mantiver seu planejamento, Meirelles \u00e9 citado pelo pr\u00f3prio presidente como um poss\u00edvel candidato a vice na sua chapa.<\/p>\n<\/div>\n<div data-track-category=\"fim do conteudo\" data-track-action=\"ultimo chunk conteudo\" data-track-noninteraction=\"false\" data-track-scroll=\"entrada completa viewport\">\n<div class=\"mc-column content-text active-extra-styles \" data-block-type=\"unstyled\" data-block-weight=\"76\">\n<p class=\"content-text__container \" data-track-category=\"Link no Texto\" data-track-links=\"\">Na semana passada, na busca de fortalecer os planos eleitorais de seu ministro, Temer o incluiu na sua comitiva durante viagem pelo Nordeste. Na ocasi\u00e3o, o presidente fez v\u00e1rios elogios a Henrique Meirelles. O problema do ministro da Fazenda \u00e9 o risco em se filiar ao MDB. At\u00e9 a vaga de vice n\u00e3o \u00e9 totalmente garantida. Uma ala do partido defende uma alian\u00e7a com o DEM, caso o partido desista da candidatura de Rodrigo Maia (DEM-RJ).\u00a0<\/p>\n<div><\/div>\n<\/div>\n<\/div>\n<\/article>\n<div class=\"mc-column entities\">\n<ul class=\"entities__list\" data-track-category=\"fim do conteudo\" data-track-action=\"tag semantica\"><\/ul>\n<p>Fonte G1<\/p><\/div>\n","protected":false},"excerpt":{"rendered":"<p>O ministro da Fazenda, Henrique Meirelles (PSD), disse a interlocutores neste fim de semana que pode se filiar ao MDB, o que seria o primeiro&#8230;<\/p>\n","protected":false},"author":1182,"featured_media":19487,"comment_status":"closed","ping_status":"closed","sticky":false,"template":"","format":"standard","meta":{"footnotes":""},"categories":[6],"tags":[],"class_list":["post-26387","post","type-post","status-publish","format-standard","has-post-thumbnail","hentry","category-noticias"],"_links":{"self":[{"href":"https:\/\/www.sincomam.org.br\/index.php\/wp-json\/wp\/v2\/posts\/26387","targetHints":{"allow":["GET"]}}],"collection":[{"href":"https:\/\/www.sincomam.org.br\/index.php\/wp-json\/wp\/v2\/posts"}],"about":[{"href":"https:\/\/www.sincomam.org.br\/index.php\/wp-json\/wp\/v2\/types\/post"}],"author":[{"embeddable":true,"href":"https:\/\/www.sincomam.org.br\/index.php\/wp-json\/wp\/v2\/users\/1182"}],"replies":[{"embeddable":true,"href":"https:\/\/www.sincomam.org.br\/index.php\/wp-json\/wp\/v2\/comments?post=26387"}],"version-history":[{"count":1,"href":"https:\/\/www.sincomam.org.br\/index.php\/wp-json\/wp\/v2\/posts\/26387\/revisions"}],"predecessor-version":[{"id":26388,"href":"https:\/\/www.sincomam.org.br\/index.php\/wp-json\/wp\/v2\/posts\/26387\/revisions\/26388"}],"wp:featuredmedia":[{"embeddable":true,"href":"https:\/\/www.sincomam.org.br\/index.php\/wp-json\/wp\/v2\/media\/19487"}],"wp:attachment":[{"href":"https:\/\/www.sincomam.org.br\/index.php\/wp-json\/wp\/v2\/media?parent=26387"}],"wp:term":[{"taxonomy":"category","embeddable":true,"href":"https:\/\/www.sincomam.org.br\/index.php\/wp-json\/wp\/v2\/categories?post=26387"},{"taxonomy":"post_tag","embeddable":true,"href":"https:\/\/www.sincomam.org.br\/index.php\/wp-json\/wp\/v2\/tags?post=26387"}],"curies":[{"name":"wp","href":"https:\/\/api.w.org\/{rel}","templated":true}]}}