{"id":26384,"date":"2018-03-26T10:30:12","date_gmt":"2018-03-26T13:30:12","guid":{"rendered":"http:\/\/www.sincomam.org.br\/?p=26384"},"modified":"2018-03-26T10:30:29","modified_gmt":"2018-03-26T13:30:29","slug":"mercado-baixa-estimativa-de-inflacao-para-2018-e-ve-pib-maior","status":"publish","type":"post","link":"https:\/\/www.sincomam.org.br\/index.php\/mercado-baixa-estimativa-de-inflacao-para-2018-e-ve-pib-maior\/","title":{"rendered":"Mercado baixa estimativa de infla\u00e7\u00e3o para 2018 e v\u00ea PIB maior"},"content":{"rendered":"<div class=\"mc-column content-text active-extra-styles active-capital-letter\" data-block-type=\"unstyled\" data-block-weight=\"33\">\n<p class=\"content-text__container theme-color-primary-first-letter\" data-track-category=\"Link no Texto\" data-track-links=\"\">Os analistas das institui\u00e7\u00f5es financeiras reduziram a previs\u00e3o para a infla\u00e7\u00e3o para este ano, ao mesmo tempo em que elevaram a estimativa m\u00e9dia para o crescimento do Produto Interno Bruto (PIB) em 2018.\u00a0<\/p>\n<\/div>\n<div class=\"mc-column content-text active-extra-styles \" data-block-type=\"unstyled\" data-block-weight=\"35\">\n<p class=\"content-text__container \" data-track-category=\"Link no Texto\" data-track-links=\"\">As previs\u00f5es est\u00e3o no relat\u00f3rio de mercado, tamb\u00e9m conhecido como &#8220;Focus&#8221;, feito com base em pesquisa realizada na semana passada pelo BC com mais de 100 institui\u00e7\u00f5es financeiras. Os n\u00fameros foram divulgados nesta segunda-feira (26).\u00a0<\/p>\n<\/div>\n<div class=\"mc-column content-text active-extra-styles \" data-block-type=\"unstyled\" data-block-weight=\"21\">\n<p class=\"content-text__container \" data-track-category=\"Link no Texto\" data-track-links=\"\">Para a infla\u00e7\u00e3o de 2018, a previs\u00e3o do mercado recuou de 3,63% para 3,57%. Foi a oitava queda seguida do indicador.\u00a0<\/p>\n<\/div>\n<div class=\"mc-column content-text active-extra-styles \" data-block-type=\"unstyled\" data-block-weight=\"56\">\n<p class=\"content-text__container \" data-track-category=\"Link no Texto\" data-track-links=\"\">A expectativa dos analistas continua abaixo da meta central de 4,5% para a infla\u00e7\u00e3o, que deve ser perseguida pelo Banco Central neste ano, mas dentro do intervalo de toler\u00e2ncia previsto pelo sistema, que considera que a meta ter\u00e1 sido cumprida pelo BC se o \u00cdndice de Pre\u00e7os ao Consumidor Amplo (IPCA) ficar entre 3% e 6%.\u00a0<\/p>\n<\/div>\n<div class=\"mc-column content-text active-extra-styles \" data-block-type=\"unstyled\" data-block-weight=\"27\">\n<p class=\"content-text__container \" data-track-category=\"Link no Texto\" data-track-links=\"\">A meta de infla\u00e7\u00e3o \u00e9 fixada pelo Conselho Monet\u00e1rio Nacional (CMN). Para alcan\u00e7\u00e1-la, o Banco Central eleva ou reduz a taxa b\u00e1sica de juros da economia (Selic).\u00a0<\/p>\n<\/div>\n<div class=\"mc-column content-text active-extra-styles \" data-block-type=\"unstyled\" data-block-weight=\"41\">\n<p class=\"content-text__container \" data-track-category=\"Link no Texto\" data-track-links=\"\">Para 2019, o mercado financeiro reduziu sua expectativa de infla\u00e7\u00e3o em 4,20% para 4,10%. A estimativa do mercado est\u00e1 em linha com a meta central do pr\u00f3ximo ano e tamb\u00e9m dentro da banda do sistema de metas (entre 2,75% e 5,75%).\u00a0<\/p>\n<\/div>\n<div class=\"mc-column content-text active-extra-styles\" data-block-type=\"raw\" data-block-weight=\"3\">\n<div class=\"content-intertitle\">\n<h2><span>Produto Interno Bruto<\/span><\/h2>\n<\/div>\n<\/div>\n<div class=\"mc-column content-text active-extra-styles \" data-block-type=\"unstyled\" data-block-weight=\"36\">\n<p class=\"content-text__container \" data-track-category=\"Link no Texto\" data-track-links=\"\">Para a expans\u00e3o do PIB de 2018, os economistas dos bancos subiram de 2,83% para 2,89% a estimativa de crescimento. Para o ano que vem, a expectativa do mercado para expans\u00e3o da economia continua em 3%.\u00a0<\/p>\n<\/div>\n<div class=\"mc-column content-text active-extra-styles \" data-block-type=\"unstyled\" data-block-weight=\"43\">\n<p class=\"content-text__container \" data-track-category=\"Link no Texto\" data-track-links=\"\">O Produto Interno Bruto \u00e9 a soma de todos os bens e servi\u00e7os produzidos no pa\u00eds e serve para medir a evolu\u00e7\u00e3o da economia. Em 2016, o PIB teve uma retra\u00e7\u00e3o de 3,5%. Em 2017, cresceu 1% e encerrou a recess\u00e3o no pa\u00eds.\u00a0<\/p>\n<div><\/div>\n<\/div>\n<div class=\"mc-column content-text active-extra-styles\" data-block-type=\"raw\" data-block-weight=\"4\">\n<div class=\"content-intertitle\">Fonte: Exame<\/div>\n<\/div>\n","protected":false},"excerpt":{"rendered":"<p>Os analistas das institui\u00e7\u00f5es financeiras reduziram a previs\u00e3o para a infla\u00e7\u00e3o para este ano, ao mesmo tempo em que elevaram a estimativa m\u00e9dia para o&#8230;<\/p>\n","protected":false},"author":1182,"featured_media":18713,"comment_status":"closed","ping_status":"closed","sticky":false,"template":"","format":"standard","meta":{"footnotes":""},"categories":[6],"tags":[],"class_list":["post-26384","post","type-post","status-publish","format-standard","has-post-thumbnail","hentry","category-noticias"],"_links":{"self":[{"href":"https:\/\/www.sincomam.org.br\/index.php\/wp-json\/wp\/v2\/posts\/26384","targetHints":{"allow":["GET"]}}],"collection":[{"href":"https:\/\/www.sincomam.org.br\/index.php\/wp-json\/wp\/v2\/posts"}],"about":[{"href":"https:\/\/www.sincomam.org.br\/index.php\/wp-json\/wp\/v2\/types\/post"}],"author":[{"embeddable":true,"href":"https:\/\/www.sincomam.org.br\/index.php\/wp-json\/wp\/v2\/users\/1182"}],"replies":[{"embeddable":true,"href":"https:\/\/www.sincomam.org.br\/index.php\/wp-json\/wp\/v2\/comments?post=26384"}],"version-history":[{"count":1,"href":"https:\/\/www.sincomam.org.br\/index.php\/wp-json\/wp\/v2\/posts\/26384\/revisions"}],"predecessor-version":[{"id":26386,"href":"https:\/\/www.sincomam.org.br\/index.php\/wp-json\/wp\/v2\/posts\/26384\/revisions\/26386"}],"wp:featuredmedia":[{"embeddable":true,"href":"https:\/\/www.sincomam.org.br\/index.php\/wp-json\/wp\/v2\/media\/18713"}],"wp:attachment":[{"href":"https:\/\/www.sincomam.org.br\/index.php\/wp-json\/wp\/v2\/media?parent=26384"}],"wp:term":[{"taxonomy":"category","embeddable":true,"href":"https:\/\/www.sincomam.org.br\/index.php\/wp-json\/wp\/v2\/categories?post=26384"},{"taxonomy":"post_tag","embeddable":true,"href":"https:\/\/www.sincomam.org.br\/index.php\/wp-json\/wp\/v2\/tags?post=26384"}],"curies":[{"name":"wp","href":"https:\/\/api.w.org\/{rel}","templated":true}]}}