{"id":26330,"date":"2018-03-20T09:57:59","date_gmt":"2018-03-20T12:57:59","guid":{"rendered":"http:\/\/www.sincomam.org.br\/?p=26330"},"modified":"2018-03-20T09:57:59","modified_gmt":"2018-03-20T12:57:59","slug":"governo-aguarda-publicacao-das-tarifas-ao-aco-para-pedir-recurso-aos-eua-afirma-ministro","status":"publish","type":"post","link":"https:\/\/www.sincomam.org.br\/index.php\/governo-aguarda-publicacao-das-tarifas-ao-aco-para-pedir-recurso-aos-eua-afirma-ministro\/","title":{"rendered":"Governo aguarda publica\u00e7\u00e3o das tarifas ao a\u00e7o para pedir recurso aos EUA, afirma ministro"},"content":{"rendered":"<p>O ministro interino da Ind\u00fastria, Com\u00e9rcio Exterior e Servi\u00e7os (Mdic), Marcos Jorge, afirmou nesta quinta-feiram 15, que o governo brasileiro est\u00e1 aguardando a publica\u00e7\u00e3o das regras da sobretaxa para a importa\u00e7\u00e3o do a\u00e7o e de alum\u00ednio pelos Estados Unidos para em seguida encaminhar o recurso contra a medida a Washington.<\/p>\n<p>&#8220;Estamos aguardando a publica\u00e7\u00e3o pelo governo norte-americano. Estamos falando ainda de an\u00fancios, n\u00e3o tivemos acesso a papel publicado&#8221;, disse o ministro a jornalistas durante o F\u00f3rum Econ\u00f4mico Mundial na capital paulista. &#8220;\u00c9 preciso ter acesso ao inteiro teor.&#8221; O prazo para o recurso come\u00e7a a valer somente ap\u00f3s a publica\u00e7\u00e3o das normas.\u00a0<\/p>\n<p>Marcos Jorge e o ministro das rela\u00e7\u00f5es exteriores, Aloysio Nunes, devem ir novamente aos EUA para tentar entender de que forma vai funcionar o recurso. O ministro disse que o governo brasileiro j\u00e1 vem mantendo conversas com a Casa Branca sobre o caso e o pr\u00f3prio Jorge se reuniu recentemente com o secret\u00e1rio de Com\u00e9rcio dos EUA, Wilbur Ross. Al\u00e9m disso, a embaixada brasileira em Washington est\u00e1 em contato direto com t\u00e9cnicos do governo norte-americano, disse ele. &#8220;Estamos atuando no \u00e2mbito bilateral junto aos EUA para tentarmos no \u00e2mbito do recurso convenc\u00ea-los da n\u00e3o aplica\u00e7\u00e3o para o Brasil da tarifa&#8221;, disse ele.<\/p>\n<p>A decis\u00e3o de Donald Trump de elevar a taxa cobrada na importa\u00e7\u00e3o de a\u00e7o para 25% e do alum\u00ednio para 10% ter\u00e1 impacto muito forte tanto para o Brasil como para os norte-americanos, avalia o ministro. &#8220;H\u00e1 uma complementariedade no setor sider\u00fargico&#8221;, disse ele, destacando que 80% do a\u00e7o exportado daqui para os EUA \u00e9 de produto semiacabado.<\/p>\n<p>Esse produto semiacabado, explicou Jorge, \u00e9 usado pela pr\u00f3pria ind\u00fastria sider\u00fargica dos EUA para a transforma\u00e7\u00e3o. Assim, a sobretaxa ter\u00e1 impacto nos pre\u00e7os dentro do mercado norte-americano. Ao mesmo tempo, boa parte do carv\u00e3o usado na siderurgia brasileira vem do mercado norte-americano. &#8220;Somos o principal importador desse produto&#8221;, disse ele.<\/p>\n<p>No caso brasileiro, a decis\u00e3o de Trump pode trazer preju\u00edzos como o desligamento de fornos das sider\u00fargicas e tamb\u00e9m de perda de postos de trabalho. Por ter essa rela\u00e7\u00e3o de complementariedade, o ministro disse que o Brasil n\u00e3o representa riscos para a ind\u00fastria dos EUA e, al\u00e9m disso, os norte-americanos t\u00eam super\u00e1vit na balan\u00e7a comercial com o Brasil. &#8220;Nos \u00faltimos 10 anos, a balan\u00e7a comercial foi favor\u00e1vel para os americanos.&#8221;<\/p>\n<p>O ministro disse que a estrat\u00e9gia inicial do Brasil ser\u00e1 a negocia\u00e7\u00e3o bilateral, mas o Planalto n\u00e3o descarta nenhuma hip\u00f3tese. Ontem, o presidente Michel Temer disse que o Brasil pode recorrer \u00e0 Organiza\u00e7\u00e3o Mundial do Com\u00e9rcio (OMC) caso as negocia\u00e7\u00f5es com a Casa Branca n\u00e3o avancem.<\/p>\n<p>&#8220;Temos a convic\u00e7\u00e3o que pela boa rela\u00e7\u00e3o que temos com os EUA e com o an\u00fancio da Casa Branca de que haver\u00e1 possibilidade de exclus\u00e3o de pa\u00edses que se enquadram como na rela\u00e7\u00e3o que o Brasil tem vamos poder retirar o Pa\u00eds dessa situa\u00e7\u00e3o&#8221;, afirmou Marcos Jorge.<\/p>\n<p>Fonte: Estad\u00e3o<\/p>\n","protected":false},"excerpt":{"rendered":"<p>O ministro interino da Ind\u00fastria, Com\u00e9rcio Exterior e Servi\u00e7os (Mdic), Marcos Jorge, afirmou nesta quinta-feiram 15, que o governo brasileiro est\u00e1 aguardando a publica\u00e7\u00e3o das&#8230;<\/p>\n","protected":false},"author":1182,"featured_media":20872,"comment_status":"closed","ping_status":"closed","sticky":false,"template":"","format":"standard","meta":{"footnotes":""},"categories":[6],"tags":[],"class_list":["post-26330","post","type-post","status-publish","format-standard","has-post-thumbnail","hentry","category-noticias"],"_links":{"self":[{"href":"https:\/\/www.sincomam.org.br\/index.php\/wp-json\/wp\/v2\/posts\/26330","targetHints":{"allow":["GET"]}}],"collection":[{"href":"https:\/\/www.sincomam.org.br\/index.php\/wp-json\/wp\/v2\/posts"}],"about":[{"href":"https:\/\/www.sincomam.org.br\/index.php\/wp-json\/wp\/v2\/types\/post"}],"author":[{"embeddable":true,"href":"https:\/\/www.sincomam.org.br\/index.php\/wp-json\/wp\/v2\/users\/1182"}],"replies":[{"embeddable":true,"href":"https:\/\/www.sincomam.org.br\/index.php\/wp-json\/wp\/v2\/comments?post=26330"}],"version-history":[{"count":1,"href":"https:\/\/www.sincomam.org.br\/index.php\/wp-json\/wp\/v2\/posts\/26330\/revisions"}],"predecessor-version":[{"id":26331,"href":"https:\/\/www.sincomam.org.br\/index.php\/wp-json\/wp\/v2\/posts\/26330\/revisions\/26331"}],"wp:featuredmedia":[{"embeddable":true,"href":"https:\/\/www.sincomam.org.br\/index.php\/wp-json\/wp\/v2\/media\/20872"}],"wp:attachment":[{"href":"https:\/\/www.sincomam.org.br\/index.php\/wp-json\/wp\/v2\/media?parent=26330"}],"wp:term":[{"taxonomy":"category","embeddable":true,"href":"https:\/\/www.sincomam.org.br\/index.php\/wp-json\/wp\/v2\/categories?post=26330"},{"taxonomy":"post_tag","embeddable":true,"href":"https:\/\/www.sincomam.org.br\/index.php\/wp-json\/wp\/v2\/tags?post=26330"}],"curies":[{"name":"wp","href":"https:\/\/api.w.org\/{rel}","templated":true}]}}