{"id":26325,"date":"2018-03-20T09:55:19","date_gmt":"2018-03-20T12:55:19","guid":{"rendered":"http:\/\/www.sincomam.org.br\/?p=26325"},"modified":"2018-03-20T09:55:19","modified_gmt":"2018-03-20T12:55:19","slug":"samarco-anuncia-rodrigo-vilela-como-novo-presidente","status":"publish","type":"post","link":"https:\/\/www.sincomam.org.br\/index.php\/samarco-anuncia-rodrigo-vilela-como-novo-presidente\/","title":{"rendered":"Samarco anuncia Rodrigo Vilela como novo presidente"},"content":{"rendered":"<p>A mineradora de ferro Samarco, controlada em partes iguais por Vale e BHP, anunciou que escolheu Rodrigo Alvarenga Vilela para assumir a presid\u00eancia da empresa no lugar de Roberto L\u00facio Nunes Carvalho.<\/p>\n<p>Engenheiro metal\u00fargico, Vilela era, desde 2016, diretor de opera\u00e7\u00f5es e projetos da Samarco. O executivo assume o cargo no fim do m\u00eas. Carvalho, que foi al\u00e7ado \u00e0 presid\u00eancia logo depois do grave acidente ambiental ocorrido em novembro de 2015, deixa a companhia ap\u00f3s 32 anos de trabalho.<\/p>\n<p>H\u00e1 um ano e meio na Samarco, Vilela, conforme comunicado da companhia, vinha se preparando para dar continuidade aos esfor\u00e7os da empresa em retomar as suas opera\u00e7\u00f5es. Por isso, vai continuar a trabalhar junto com as autoridades para obter as licen\u00e7as ambientais que permitir\u00e3o a retomada das opera\u00e7\u00f5es da empresa.<\/p>\n<p>Em 5 de novembro de 2015, a barragem de rejeitos de Fund\u00e3o da Samarco, em Mariana, se rompeu, causando o maior desastre ambiental do pa\u00eds e levando \u00e0 morte 19 pessoas.<\/p>\n<p>Desde dezembro, Vilela responde pela \u00e1rea de projetos, que inclui o n\u00facleo de licenciamento ambiental e estrat\u00e9gico da retomada da organiza\u00e7\u00e3o. Enquanto as opera\u00e7\u00f5es n\u00e3o s\u00e3o reativadas, o executivo, de 47 anos, vai acumular o cargo de presidente interino com o de diretor de opera\u00e7\u00f5es e projetos.<\/p>\n<p>Antes do acidente, a Samarco tinha capacidade de produzir 32 milh\u00f5es de toneladas ao ano de pelotas de min\u00e9rio de ferro.<\/p>\n<p>Fonte: Valor<\/p>\n","protected":false},"excerpt":{"rendered":"<p>A mineradora de ferro Samarco, controlada em partes iguais por Vale e BHP, anunciou que escolheu Rodrigo Alvarenga Vilela para assumir a presid\u00eancia da empresa&#8230;<\/p>\n","protected":false},"author":1182,"featured_media":18019,"comment_status":"closed","ping_status":"closed","sticky":false,"template":"","format":"standard","meta":{"footnotes":""},"categories":[6],"tags":[],"class_list":["post-26325","post","type-post","status-publish","format-standard","has-post-thumbnail","hentry","category-noticias"],"_links":{"self":[{"href":"https:\/\/www.sincomam.org.br\/index.php\/wp-json\/wp\/v2\/posts\/26325","targetHints":{"allow":["GET"]}}],"collection":[{"href":"https:\/\/www.sincomam.org.br\/index.php\/wp-json\/wp\/v2\/posts"}],"about":[{"href":"https:\/\/www.sincomam.org.br\/index.php\/wp-json\/wp\/v2\/types\/post"}],"author":[{"embeddable":true,"href":"https:\/\/www.sincomam.org.br\/index.php\/wp-json\/wp\/v2\/users\/1182"}],"replies":[{"embeddable":true,"href":"https:\/\/www.sincomam.org.br\/index.php\/wp-json\/wp\/v2\/comments?post=26325"}],"version-history":[{"count":1,"href":"https:\/\/www.sincomam.org.br\/index.php\/wp-json\/wp\/v2\/posts\/26325\/revisions"}],"predecessor-version":[{"id":26327,"href":"https:\/\/www.sincomam.org.br\/index.php\/wp-json\/wp\/v2\/posts\/26325\/revisions\/26327"}],"wp:featuredmedia":[{"embeddable":true,"href":"https:\/\/www.sincomam.org.br\/index.php\/wp-json\/wp\/v2\/media\/18019"}],"wp:attachment":[{"href":"https:\/\/www.sincomam.org.br\/index.php\/wp-json\/wp\/v2\/media?parent=26325"}],"wp:term":[{"taxonomy":"category","embeddable":true,"href":"https:\/\/www.sincomam.org.br\/index.php\/wp-json\/wp\/v2\/categories?post=26325"},{"taxonomy":"post_tag","embeddable":true,"href":"https:\/\/www.sincomam.org.br\/index.php\/wp-json\/wp\/v2\/tags?post=26325"}],"curies":[{"name":"wp","href":"https:\/\/api.w.org\/{rel}","templated":true}]}}