{"id":26309,"date":"2018-03-16T00:10:57","date_gmt":"2018-03-16T03:10:57","guid":{"rendered":"http:\/\/www.sincomam.org.br\/?p=26309"},"modified":"2018-03-15T20:27:34","modified_gmt":"2018-03-15T23:27:34","slug":"produtores-de-mt-miram-na-china-e-firmam-termo-de-cooperacao-com-canal-do-panama-entenda","status":"publish","type":"post","link":"https:\/\/www.sincomam.org.br\/index.php\/produtores-de-mt-miram-na-china-e-firmam-termo-de-cooperacao-com-canal-do-panama-entenda\/","title":{"rendered":"Produtores de MT miram na China e firmam termo de coopera\u00e7\u00e3o com Canal do Panam\u00e1; entenda"},"content":{"rendered":"<p>Produtores de soja de Mato Grosso oficializaram o compartilhamento de informa\u00e7\u00f5es com o Canal do Panam\u00e1. O acordo, assinado pelo presidente da Associa\u00e7\u00e3o dos Produtores de Soja e Milho de mato Grosso (Aprosoja), Ant\u00f4nio Galvan, prev\u00ea a realiza\u00e7\u00e3o de atividades de mercado, troca de estudos e informa\u00e7\u00f5es sobre fluxos comerciais, al\u00e9m de programas de moderniza\u00e7\u00e3o e melhoras no Canal. O objetivo \u00e9 que, em futuro breve, parte da soja mato-grossense possa passar pelo canal com destino \u00e0 \u00c1sia<\/p>\n<p>Chamado pelos panamenhos de \u201cmemorando de entendimento\u201d, o documento foi assinado na quarta-feira (14).\u201cCom o aumento de capacidade devido a expans\u00e3o do Canal do Panam\u00e1, em 2016, n\u00f3s vimos uma grande oportunidade de atrair mais produtos e acessar novos mercados. O Canal do Panam\u00e1 seria uma op\u00e7\u00e3o para que o produto chegue at\u00e9 a \u00c1sia, sendo a China o destaque principal\u201d, afirmou o administrador do Canal, Jorge Luis Quijano, que esteve Cuiab\u00e1.<\/p>\n<p>Ant\u00f4nio Galvan e Jorge Luis Quijano durante assinatura do termo.\u00a0<\/p>\n<p>Para o presidente da Aprosoja, o termo de coopera\u00e7\u00e3o \u00e9 positivo e tamb\u00e9m \u00e9 reflexo de uma visita realizada pela Comiss\u00e3o de Log\u00edstica da Aprosoja e o Movimento Pr\u00f3-Log\u00edstica no ano passado ao local.<\/p>\n<p>O termo com certeza \u00e9 um marco. O Canal do Panam\u00e1 \u00e9 uma parte importante da log\u00edstica da nossa soja, milho e outras culturas porque encurtar\u00e1 o caminho para acessar nosso grande mercado consumidor, que \u00e9 o asi\u00e1tico. Com certeza essa assinatura vai representar muito para o futuro dessa rela\u00e7\u00e3o Brasil-Panam\u00e1 e, em especial, Mato Grosso&#8221;, disse Galvan<\/p>\n<p>O futuro da rela\u00e7\u00e3o, segundo o diretor executivo do Movimento Pr\u00f3-Log\u00edstica, Edeon Vaz Ferreira, tamb\u00e9m deve refletir em rentabilidade aos produtores rurais de Mato Grosso. \u201cO acordo nos permitir\u00e1 a troca de informa\u00e7\u00f5es com o objetivo de reduzir o custo da transposi\u00e7\u00e3o do Canal, que para alguns portos asi\u00e1ticos pode significar de dois a quatro dias a menos de navega\u00e7\u00e3o.&#8221;<\/p>\n<p>Al\u00e9m disso, como o pagamento do frete mar\u00edtimo \u00e9 di\u00e1rio, isso representaria uma redu\u00e7\u00e3o significativa, tanto do ponto de vista financeiro como log\u00edstico. &#8220;Dessa forma, estamos buscando junto \u00e0 administra\u00e7\u00e3o do Canal do Panam\u00e1 formas de reduzir esses custos do frete, que tamb\u00e9m refletiria nos custos gerais dos nossos produtores rurais\u201d, finalizou.\u00a0<\/p>\n<p>Fonte: Olhar Direto<\/p>\n","protected":false},"excerpt":{"rendered":"<p>Produtores de soja de Mato Grosso oficializaram o compartilhamento de informa\u00e7\u00f5es com o Canal do Panam\u00e1. O acordo, assinado pelo presidente da Associa\u00e7\u00e3o dos Produtores&#8230;<\/p>\n","protected":false},"author":1182,"featured_media":18822,"comment_status":"closed","ping_status":"closed","sticky":false,"template":"","format":"standard","meta":{"footnotes":""},"categories":[6],"tags":[],"class_list":["post-26309","post","type-post","status-publish","format-standard","has-post-thumbnail","hentry","category-noticias"],"_links":{"self":[{"href":"https:\/\/www.sincomam.org.br\/index.php\/wp-json\/wp\/v2\/posts\/26309","targetHints":{"allow":["GET"]}}],"collection":[{"href":"https:\/\/www.sincomam.org.br\/index.php\/wp-json\/wp\/v2\/posts"}],"about":[{"href":"https:\/\/www.sincomam.org.br\/index.php\/wp-json\/wp\/v2\/types\/post"}],"author":[{"embeddable":true,"href":"https:\/\/www.sincomam.org.br\/index.php\/wp-json\/wp\/v2\/users\/1182"}],"replies":[{"embeddable":true,"href":"https:\/\/www.sincomam.org.br\/index.php\/wp-json\/wp\/v2\/comments?post=26309"}],"version-history":[{"count":1,"href":"https:\/\/www.sincomam.org.br\/index.php\/wp-json\/wp\/v2\/posts\/26309\/revisions"}],"predecessor-version":[{"id":26310,"href":"https:\/\/www.sincomam.org.br\/index.php\/wp-json\/wp\/v2\/posts\/26309\/revisions\/26310"}],"wp:featuredmedia":[{"embeddable":true,"href":"https:\/\/www.sincomam.org.br\/index.php\/wp-json\/wp\/v2\/media\/18822"}],"wp:attachment":[{"href":"https:\/\/www.sincomam.org.br\/index.php\/wp-json\/wp\/v2\/media?parent=26309"}],"wp:term":[{"taxonomy":"category","embeddable":true,"href":"https:\/\/www.sincomam.org.br\/index.php\/wp-json\/wp\/v2\/categories?post=26309"},{"taxonomy":"post_tag","embeddable":true,"href":"https:\/\/www.sincomam.org.br\/index.php\/wp-json\/wp\/v2\/tags?post=26309"}],"curies":[{"name":"wp","href":"https:\/\/api.w.org\/{rel}","templated":true}]}}