{"id":26303,"date":"2018-03-16T00:22:16","date_gmt":"2018-03-16T03:22:16","guid":{"rendered":"http:\/\/www.sincomam.org.br\/?p=26303"},"modified":"2018-03-15T20:24:05","modified_gmt":"2018-03-15T23:24:05","slug":"tarifa-de-importacao-de-aco-de-trump-e-loucura-diz-arminio-fraga","status":"publish","type":"post","link":"https:\/\/www.sincomam.org.br\/index.php\/tarifa-de-importacao-de-aco-de-trump-e-loucura-diz-arminio-fraga\/","title":{"rendered":"Tarifa de importa\u00e7\u00e3o de a\u00e7o de Trump \u00e9 &#8216;loucura&#8217;, diz Arm\u00ednio Fraga"},"content":{"rendered":"<p>O economista Arm\u00ednio Fraga qualificou as mudan\u00e7as nas tarifas de importa\u00e7\u00e3o de a\u00e7o feitas pelo governo de Donald Trump como uma hist\u00f3ria conhecida que nunca trouxe prosperidade para ningu\u00e9m. &#8220;Isso \u00e9 uma loucura&#8221;, disse.<\/p>\n<p>O economista Arm\u00ednio Fraga, ex-presidente do Banco Central, em seu escrit\u00f3rio no Rio de Janeiro<\/p>\n<p>Antes de participar de um dos pain\u00e9is do F\u00f3rum Econ\u00f4mico Mundial para Am\u00e9rica Latina, em S\u00e3o Paulo, Arm\u00ednio tamb\u00e9m negou envolvimento com alguma candidatura \u00e0 presid\u00eancia em especial, mas admitiu ter conversado muito com o apresentador Luciano Huck e disse que ele poderia ter sido um bom candidato.\u00a0<\/p>\n<p>&#8220;Eu tamb\u00e9m acho que o governador [Geraldo] Alckmin \u00e9 um \u00f3timo candidato&#8221;, afirmou. Segundo ele, \u00e9 dif\u00edcil avaliar o cen\u00e1rio eleitoral com Huck, porque muita gente no centro poderia introduzir um risco de uma polariza\u00e7\u00e3o.\u00a0<\/p>\n<p>&#8220;Mas eu acho que o centro vai se organizar&#8221;, disse.\u00a0<\/p>\n<p>Arm\u00ednio disse ainda que seria muito &#8220;enriquecedor&#8221; ver Luciano Huck participando do debate. &#8220;E a\u00ed, depois, ganhasse quem ganhasse, haveria converg\u00eancia no centro. Teoricamente&#8221;, disse.\u00a0<\/p>\n<p>PROTECIONISMO<\/p>\n<p>O economista disse ainda que a atitude protecionista do governo Trump cria a impress\u00e3o de que o mundo \u00e9 um jogo de soma zero e n\u00e3o \u00e9, afirmou.<\/p>\n<p>Segundo ele, o Brasil tem sido protecionista desde sempre e &#8220;n\u00e3o deu em nada&#8221;.\u00a0<\/p>\n<p>Em sua avalia\u00e7\u00e3o, o cen\u00e1rio n\u00e3o \u00e9 bom, em especial no momento em que o Mercosul est\u00e1 no meio de uma discuss\u00e3o comercial com a comunidade europeia &#8212; o que v\u00ea como uma oportunidade &#8220;fant\u00e1stica&#8221;.\u00a0<\/p>\n<p>Ele disse esperar que o Brasil n\u00e3o saia de uma rota de conclus\u00e3o desse acordo, pois a sensa\u00e7\u00e3o \u00e9 que a discuss\u00e3o est\u00e1 evoluindo.\u00a0<\/p>\n<p>ECONOMIA BRASILEIRA\u00a0<\/p>\n<p>Em rela\u00e7\u00e3o \u00e0 economia brasileira, Arm\u00ednio disse que o problema maior est\u00e1 no campo fiscal, com todos os governos, n\u00e3o s\u00f3 o federal, bastante fragilizados.\u00a0<\/p>\n<p>Para al\u00e9m da quest\u00e3o fiscal, o economista avalia que o Brasil estaria numa fase de pen\u00faria de crescimento da produtividade e do investimento.\u00a0<\/p>\n<p>Na avalia\u00e7\u00e3o dele, o quadro pode ser destravado por um novo governo com mandato para &#8220;arrumar as coisas&#8221;.\u00a0<\/p>\n<p>Disse ainda que o pa\u00eds precisa muito mais do que uma reforma previdenci\u00e1ria. &#8220;\u00c9 [reforma da] Previd\u00eancia, tribut\u00e1ria e ainda tem aspectos trabalhistas, financeiros, regulat\u00f3rios, mais educa\u00e7\u00e3o, sa\u00fade, seguran\u00e7a. \u00c9 tudo&#8221;, disse.\u00a0<\/p>\n<p>Arm\u00ednio afirmou que prepara junto com a economista e ex-secret\u00e1ria da Fazenda de Goi\u00e1s, Ana Carla Abr\u00e3o, uma agenda com propostas para o pa\u00eds, aberta ao candidato que quiser abra\u00e7\u00e1-la. &#8220;N\u00e3o \u00e9 partid\u00e1ria e nem fechada&#8221;.\u00a0<\/p>\n<p>Fonte: Folha SP<\/p>\n","protected":false},"excerpt":{"rendered":"<p>O economista Arm\u00ednio Fraga qualificou as mudan\u00e7as nas tarifas de importa\u00e7\u00e3o de a\u00e7o feitas pelo governo de Donald Trump como uma hist\u00f3ria conhecida que nunca&#8230;<\/p>\n","protected":false},"author":1182,"featured_media":21483,"comment_status":"closed","ping_status":"closed","sticky":false,"template":"","format":"standard","meta":{"footnotes":""},"categories":[6],"tags":[],"class_list":["post-26303","post","type-post","status-publish","format-standard","has-post-thumbnail","hentry","category-noticias"],"_links":{"self":[{"href":"https:\/\/www.sincomam.org.br\/index.php\/wp-json\/wp\/v2\/posts\/26303","targetHints":{"allow":["GET"]}}],"collection":[{"href":"https:\/\/www.sincomam.org.br\/index.php\/wp-json\/wp\/v2\/posts"}],"about":[{"href":"https:\/\/www.sincomam.org.br\/index.php\/wp-json\/wp\/v2\/types\/post"}],"author":[{"embeddable":true,"href":"https:\/\/www.sincomam.org.br\/index.php\/wp-json\/wp\/v2\/users\/1182"}],"replies":[{"embeddable":true,"href":"https:\/\/www.sincomam.org.br\/index.php\/wp-json\/wp\/v2\/comments?post=26303"}],"version-history":[{"count":1,"href":"https:\/\/www.sincomam.org.br\/index.php\/wp-json\/wp\/v2\/posts\/26303\/revisions"}],"predecessor-version":[{"id":26304,"href":"https:\/\/www.sincomam.org.br\/index.php\/wp-json\/wp\/v2\/posts\/26303\/revisions\/26304"}],"wp:featuredmedia":[{"embeddable":true,"href":"https:\/\/www.sincomam.org.br\/index.php\/wp-json\/wp\/v2\/media\/21483"}],"wp:attachment":[{"href":"https:\/\/www.sincomam.org.br\/index.php\/wp-json\/wp\/v2\/media?parent=26303"}],"wp:term":[{"taxonomy":"category","embeddable":true,"href":"https:\/\/www.sincomam.org.br\/index.php\/wp-json\/wp\/v2\/categories?post=26303"},{"taxonomy":"post_tag","embeddable":true,"href":"https:\/\/www.sincomam.org.br\/index.php\/wp-json\/wp\/v2\/tags?post=26303"}],"curies":[{"name":"wp","href":"https:\/\/api.w.org\/{rel}","templated":true}]}}