{"id":26301,"date":"2018-03-15T10:45:40","date_gmt":"2018-03-15T13:45:40","guid":{"rendered":"http:\/\/www.sincomam.org.br\/?p=26301"},"modified":"2018-03-15T10:45:40","modified_gmt":"2018-03-15T13:45:40","slug":"porto-do-rio-grande-anuncia-resultados-positivos-no-primeiro-bimestre-de-2018","status":"publish","type":"post","link":"https:\/\/www.sincomam.org.br\/index.php\/porto-do-rio-grande-anuncia-resultados-positivos-no-primeiro-bimestre-de-2018\/","title":{"rendered":"Porto do Rio Grande anuncia resultados positivos no primeiro bimestre de 2018"},"content":{"rendered":"<p>A Superintend\u00eancia do Porto do Rio Grande anunciou, durante sua participa\u00e7\u00e3o na Intermodal South America 2018, em S\u00e3o Paulo, crescimento de movimenta\u00e7\u00e3o no primeiro bimestre de 2018. Nos dois primeiros meses, o complexo movimentou 1,9 milh\u00f5es de toneladas na carga geral, 2,5 milh\u00f5es de toneladas nos gran\u00e9is s\u00f3lidos e 654,1 mil toneladas no granel l\u00edquido. O total de cargas movimentadas foi de 5,1 milh\u00f5es de toneladas, o que representa aumento de 4% quando comparado ao primeiro bimestre de 2017.\u00a0<\/p>\n<p>Durante todo o ano passado, o Porto de Rio Grande registrou 41,1 milh\u00f5es de toneladas.<\/p>\n<p>&#8211; \u00c9 com satisfa\u00e7\u00e3o que chegamos ao evento deste ano podendo destacar a capacidade do nosso complexo portu\u00e1rio. Atingimos um recorde hist\u00f3rico em 2017 e nesse primeiro bimestre j\u00e1 mostramos \u00edndices crescentes &#8211; avalia o Superintendente do Porto do Rio Grande, Janir Branco.<\/p>\n<p>Destacam-se na movimenta\u00e7\u00e3o portu\u00e1ria, em Rio Grande, os desembarques de cevada, com crescimento de 52%, superando as 50 mil toneladas. O arroz (quebrados e gr\u00e3o, em carga geral e granel s\u00f3lido) chega a crescimento de 113% superando as 417 mil toneladas. O complexo soja\u00a0 (\u00f3leo, farelo e gr\u00e3o) tem crescimento de 37% superando 1,2 milh\u00f5es de toneladas. O aumento \u00e9 impulsionado pelo movimento do gr\u00e3o que sozinho tem eleva\u00e7\u00e3o de 54%, superando 800 mil toneladas.<\/p>\n<p>\u00a0A movimenta\u00e7\u00e3o de ve\u00edculos foi a que mostrou a maior eleva\u00e7\u00e3o. Apenas nos dois primeiros meses, a eleva\u00e7\u00e3o foi de 330%, superando as 14 mil unidades.<\/p>\n<p>&#8211; Estamos muito satisfeitos com a movimenta\u00e7\u00e3o de ve\u00edculos visto que \u00e9 uma opera\u00e7\u00e3o que requisita bom n\u00famero de trabalhadores e tamb\u00e9m porque mostra o aquecimento da nossa economia e recupera\u00e7\u00e3o\u00a0 econ\u00f4mica do pa\u00eds &#8211; aponta Branco.<\/p>\n<p>Fonte: Ga\u00fachaZH<\/p>\n<div class=\"jwDisqusForm\"><\/div>\n","protected":false},"excerpt":{"rendered":"<p>A Superintend\u00eancia do Porto do Rio Grande anunciou, durante sua participa\u00e7\u00e3o na Intermodal South America 2018, em S\u00e3o Paulo, crescimento de movimenta\u00e7\u00e3o no primeiro bimestre&#8230;<\/p>\n","protected":false},"author":1182,"featured_media":17126,"comment_status":"closed","ping_status":"closed","sticky":false,"template":"","format":"standard","meta":{"footnotes":""},"categories":[6],"tags":[],"class_list":["post-26301","post","type-post","status-publish","format-standard","has-post-thumbnail","hentry","category-noticias"],"_links":{"self":[{"href":"https:\/\/www.sincomam.org.br\/index.php\/wp-json\/wp\/v2\/posts\/26301","targetHints":{"allow":["GET"]}}],"collection":[{"href":"https:\/\/www.sincomam.org.br\/index.php\/wp-json\/wp\/v2\/posts"}],"about":[{"href":"https:\/\/www.sincomam.org.br\/index.php\/wp-json\/wp\/v2\/types\/post"}],"author":[{"embeddable":true,"href":"https:\/\/www.sincomam.org.br\/index.php\/wp-json\/wp\/v2\/users\/1182"}],"replies":[{"embeddable":true,"href":"https:\/\/www.sincomam.org.br\/index.php\/wp-json\/wp\/v2\/comments?post=26301"}],"version-history":[{"count":1,"href":"https:\/\/www.sincomam.org.br\/index.php\/wp-json\/wp\/v2\/posts\/26301\/revisions"}],"predecessor-version":[{"id":26302,"href":"https:\/\/www.sincomam.org.br\/index.php\/wp-json\/wp\/v2\/posts\/26301\/revisions\/26302"}],"wp:featuredmedia":[{"embeddable":true,"href":"https:\/\/www.sincomam.org.br\/index.php\/wp-json\/wp\/v2\/media\/17126"}],"wp:attachment":[{"href":"https:\/\/www.sincomam.org.br\/index.php\/wp-json\/wp\/v2\/media?parent=26301"}],"wp:term":[{"taxonomy":"category","embeddable":true,"href":"https:\/\/www.sincomam.org.br\/index.php\/wp-json\/wp\/v2\/categories?post=26301"},{"taxonomy":"post_tag","embeddable":true,"href":"https:\/\/www.sincomam.org.br\/index.php\/wp-json\/wp\/v2\/tags?post=26301"}],"curies":[{"name":"wp","href":"https:\/\/api.w.org\/{rel}","templated":true}]}}