{"id":26289,"date":"2018-03-15T10:37:53","date_gmt":"2018-03-15T13:37:53","guid":{"rendered":"http:\/\/www.sincomam.org.br\/?p=26289"},"modified":"2018-03-15T10:37:53","modified_gmt":"2018-03-15T13:37:53","slug":"incidente-paralisa-escoamento-do-grao-em-porto-de-sc","status":"publish","type":"post","link":"https:\/\/www.sincomam.org.br\/index.php\/incidente-paralisa-escoamento-do-grao-em-porto-de-sc\/","title":{"rendered":"Incidente paralisa escoamento do gr\u00e3o em porto de SC"},"content":{"rendered":"<p>O escoamento de soja pelo porto p\u00fablico de S\u00e3o Francisco do Sul, em Santa Catarina, foi interrompido na tarde de segunda-feira devido a um problema na esteira transportadora, que se curvou devido ao peso. A paralisa\u00e7\u00e3o afeta as duas empresas que operam com gr\u00e3os no porto, Terlogs, da japonesa Marubeni, e a Bunge.<\/p>\n<p>Segundo o presidente da Terlogs, Jos\u00e9 Kfouri, a m\u00e1 manuten\u00e7\u00e3o da infraestrutura portu\u00e1ria acarretou na deforma\u00e7\u00e3o da esteira em pleno pico da safra. Shiploaders (equipamentos que carregam os navios) e esteiras est\u00e3o sob a concess\u00e3o do Cidasc, autarquia do governo estadual. Ao Valor, o executivo afirmou que as falhas de manuten\u00e7\u00e3o n\u00e3o s\u00e3o de hoje &#8211; em 2015, um shiploader chegou a cair no mesmo porto &#8211; e s\u00e3o fruto de falta de prioridade do \u00f3rg\u00e3o e de cobran\u00e7a do SCPar, que administra o porto de S\u00e3o Francisco do Sul.<\/p>\n<p>&#8220;Precisamos chamar a aten\u00e7\u00e3o p\u00fablica para este problema&#8221;, diz.<\/p>\n<p>Segundo ele, os trabalhos de repara\u00e7\u00e3o na estrutura devem permitir a retomada dos embarques em uma semana, mas \u00e0 meia capacidade, com s\u00f3 um dos dois shiploaders do porto. Ainda n\u00e3o h\u00e1 previs\u00e3o para a retomada dos trabalhos do segundo equipamento.<\/p>\n<p>Ontem, 10 navios para carregar soja da Terlogs estavam fundeados no porto e aguardavam a retomada das opera\u00e7\u00f5es log\u00edsticas. Outras 12 embarca\u00e7\u00f5es t\u00eam a chegada programada para as pr\u00f3ximas semanas. No caso de atrasos no embarque &#8211; conhecidos como &#8220;demourrage&#8221; -, as empresas precisar\u00e3o pagar US$ 18 mil por dia.<\/p>\n<p>O porto catarinense movimenta um m\u00e9dia anual de 7 milh\u00f5es de toneladas de gr\u00e3os.<\/p>\n<p>Fonte: Valor<\/p>\n","protected":false},"excerpt":{"rendered":"<p>O escoamento de soja pelo porto p\u00fablico de S\u00e3o Francisco do Sul, em Santa Catarina, foi interrompido na tarde de segunda-feira devido a um problema&#8230;<\/p>\n","protected":false},"author":1182,"featured_media":21844,"comment_status":"closed","ping_status":"closed","sticky":false,"template":"","format":"standard","meta":{"footnotes":""},"categories":[6],"tags":[],"class_list":["post-26289","post","type-post","status-publish","format-standard","has-post-thumbnail","hentry","category-noticias"],"_links":{"self":[{"href":"https:\/\/www.sincomam.org.br\/index.php\/wp-json\/wp\/v2\/posts\/26289","targetHints":{"allow":["GET"]}}],"collection":[{"href":"https:\/\/www.sincomam.org.br\/index.php\/wp-json\/wp\/v2\/posts"}],"about":[{"href":"https:\/\/www.sincomam.org.br\/index.php\/wp-json\/wp\/v2\/types\/post"}],"author":[{"embeddable":true,"href":"https:\/\/www.sincomam.org.br\/index.php\/wp-json\/wp\/v2\/users\/1182"}],"replies":[{"embeddable":true,"href":"https:\/\/www.sincomam.org.br\/index.php\/wp-json\/wp\/v2\/comments?post=26289"}],"version-history":[{"count":1,"href":"https:\/\/www.sincomam.org.br\/index.php\/wp-json\/wp\/v2\/posts\/26289\/revisions"}],"predecessor-version":[{"id":26290,"href":"https:\/\/www.sincomam.org.br\/index.php\/wp-json\/wp\/v2\/posts\/26289\/revisions\/26290"}],"wp:featuredmedia":[{"embeddable":true,"href":"https:\/\/www.sincomam.org.br\/index.php\/wp-json\/wp\/v2\/media\/21844"}],"wp:attachment":[{"href":"https:\/\/www.sincomam.org.br\/index.php\/wp-json\/wp\/v2\/media?parent=26289"}],"wp:term":[{"taxonomy":"category","embeddable":true,"href":"https:\/\/www.sincomam.org.br\/index.php\/wp-json\/wp\/v2\/categories?post=26289"},{"taxonomy":"post_tag","embeddable":true,"href":"https:\/\/www.sincomam.org.br\/index.php\/wp-json\/wp\/v2\/tags?post=26289"}],"curies":[{"name":"wp","href":"https:\/\/api.w.org\/{rel}","templated":true}]}}