{"id":26276,"date":"2018-03-12T10:21:05","date_gmt":"2018-03-12T13:21:05","guid":{"rendered":"http:\/\/www.sincomam.org.br\/?p=26276"},"modified":"2018-03-12T10:21:05","modified_gmt":"2018-03-12T13:21:05","slug":"ausencia-de-doria-domina-debate-tucano","status":"publish","type":"post","link":"https:\/\/www.sincomam.org.br\/index.php\/ausencia-de-doria-domina-debate-tucano\/","title":{"rendered":"Aus\u00eancia de Doria domina debate tucano"},"content":{"rendered":"<p>Mesmo sem ser citado nominalmente, o prefeito de S\u00e3o Paulo, Jo\u00e3o Doria (PSDB), foi alvo de cr\u00edticas durante o primeiro debate entre pr\u00e9-candidatos tucanos ao governo do Estado, realizado no s\u00e1bado, dia 10. O encontro ocorreu no Rotary Club da Penha, na zona leste da cidade, e contou com a participa\u00e7\u00e3o do cientista pol\u00edtico Luiz Felipe d\u2019\u00c1vila, o suplente de senador e presidente do Instituto Teot\u00f4nio Vilela, Jos\u00e9 An\u00edbal, e o secret\u00e1rio estadual de Desenvolvimento Social, Floriano Pesaro. Os prefeitos Jo\u00e3o Doria (SP) e Alberto Mour\u00e3o (Praia Grande) foram convidados, mas n\u00e3o compareceram. O debate ocorreu \u00e0 revelia do diret\u00f3rio estadual do partido.\u00a0<\/p>\n<div id=\"aep-placement-5a0da350e9141e0004b74e2b\" class=\" aep-inline aep-root aep-ads aep-design-5a0a04d51424300004e98f48\">\n<div id=\"istoe-inline-879x284\" adm-controller=\"Pushdown\">\n<div class=\"adm-header\">\n<p>Mesmo sem ser citado nominalmente, o prefeito de S\u00e3o Paulo, Jo\u00e3o Doria (PSDB), foi alvo de cr\u00edticas durante o primeiro debate entre pr\u00e9-candidatos tucanos ao governo do Estado, realizado no s\u00e1bado, dia 10. O encontro ocorreu no Rotary Club da Penha, na zona leste da cidade, e contou com a participa\u00e7\u00e3o do cientista pol\u00edtico Luiz Felipe d\u2019\u00c1vila, o suplente de senador e presidente do Instituto Teot\u00f4nio Vilela, Jos\u00e9 An\u00edbal, e o secret\u00e1rio estadual de Desenvolvimento Social, Floriano Pesaro. Os prefeitos Jo\u00e3o Doria (SP) e Alberto Mour\u00e3o (Praia Grande) foram convidados, mas n\u00e3o compareceram. O debate ocorreu \u00e0 revelia do diret\u00f3rio estadual do partido.\u00a0<\/p>\n<div id=\"aep-placement-5a0da350e9141e0004b74e2b\" class=\" aep-inline aep-root aep-ads aep-design-5a0a04d51424300004e98f48\">\n<div id=\"istoe-inline-879x284\" adm-controller=\"Pushdown\">\n<div class=\"adm-header\">\n<p>Naquela reuni\u00e3o, foram definidos as datas das pr\u00e9vias (18 e 25 de mar\u00e7o) e o prazo para a inscri\u00e7\u00e3o dos nomes dos concorrentes (13 de mar\u00e7o). O resultado foi favor\u00e1vel ao grupo que apoia Doria \u2013 que defendia a realiza\u00e7\u00e3o das pr\u00e9vias o mais distante poss\u00edvel do prazo final de desincompatibiliza\u00e7\u00e3o do cargo (7 de abril). O prefeito ainda n\u00e3o est\u00e1 inscrito na disputa.\u00a0<\/p>\n<p>D\u2019\u00c1vila tamb\u00e9m fez refer\u00eancia ao que chamou de \u201clament\u00e1vel reuni\u00e3o do diret\u00f3rio estadual\u201d e defendeu a import\u00e2ncia do apoio dos pr\u00e9-candidatos \u00e0 candidatura de Geraldo Alckmin \u00e0 Presid\u00eancia da Rep\u00fablica. Sobre o tema, Pesaro chegou a dizer: \u201cAqui ningu\u00e9m nunca pensou em disputar com Geraldo Alckmin\u201d \u2013 o que soou como outra refer\u00eancia ao prefeito de S\u00e3o Paulo.<\/p>\n<p>J\u00e1 a fala de An\u00edbal evidenciou as divis\u00f5es do tucanato paulista. O pr\u00e9-candidato chamou de \u201cindignidade\u201d a convoca\u00e7\u00e3o do diret\u00f3rio municipal para uma reuni\u00e3o no mesmo hor\u00e1rio do debate entre os pr\u00e9-candidatos. A reuni\u00e3o convocada pelo diret\u00f3rio municipal tinha como objetivo debater as regras das pr\u00e9vias. \u201cEssa reuni\u00e3o foi feita para esvaziar o nosso debate. O partido est\u00e1 se recusando a fazer os debates e a dire\u00e7\u00e3o estadual est\u00e1 agindo de forma opressora\u201d, afirmou An\u00edbal.<\/p>\n<p>O debate de s\u00e1bado ocorreria no diret\u00f3rio do Butant\u00e3, mas foi desmarcado na sexta-feira. Oficialmente, a presidente do diret\u00f3rio, Beatriz Botelho, disse que o cancelamento foi ocasionado por uma quest\u00e3o de falta de espa\u00e7o. \u201cNossa ideia inicial era que cada candidato falasse separadamente. Nosso espa\u00e7o n\u00e3o comportaria um debate\u201d, afirmou a dirigente. Nos bastidores, no entanto, militantes tucanos dizem que o cancelamento foi fruto de press\u00e3o direta de Doria e seus apoiadores.<\/p>\n<p>Sobre a n\u00e3o participa\u00e7\u00e3o de pr\u00e9-candidatos no debate, An\u00edbal afirmou: \u201cDizem que eu fustigo advers\u00e1rio fuj\u00e3o. O sujeito que disputa, mas se recusa ao debate, \u00e9 porque n\u00e3o responde sobre os compromissos de sua campanha que n\u00e3o conseguiu saldar. O trabalho da Prefeitura \u00e9 de segunda a domingo, n\u00e3o \u00e9 s\u00f3 de marketing\u201d.<\/p>\n<p>No fim do debate, An\u00edbal, mais uma vez, provocou Doria, sem cit\u00e1-lo nominalmente. \u201cA Prefeitura inteira quer ver esse prefeito pelas costas, mas para isso o incensam, o estimulam\u201d. declarou o presidente do Instituto Teot\u00f4nio Vilela.\u00a0<\/p>\n<p><b>\u2018Oba-oba\u2019<\/b><\/p>\n<p>Ap\u00f3s o debate, os tr\u00eas pr\u00e9-candidatos negaram qualquer combina\u00e7\u00e3o de n\u00e3o citar o nome de Doria durante o encontro. D\u2019\u00c1vila foi o mais enf\u00e1tico. \u201cQuem foge do debate n\u00e3o precisa ser mencionado.\u201d<\/p>\n<p>Os tr\u00eas tamb\u00e9m afirmaram que devem continuar pr\u00e9-candidatos caso o prefeito confirme a inten\u00e7\u00e3o de concorrer. Pesaro considerou que uma oficializa\u00e7\u00e3o da candidatura Doria pode ser positiva para o debate interno do PSDB. Para An\u00edbal, por\u00e9m, a entrada do prefeito na disputa \u00e9 apenas um \u201coba-oba\u201d.\u00a0<\/p>\n<p>Procurada, a assessoria de imprensa do prefeito afirmou que Doria cumpriu tr\u00eas agendas no s\u00e1bado, mas n\u00e3o quis comentar sobre a aus\u00eancia dele no debate. Oficialmente, o prefeito ainda n\u00e3o \u00e9 pr\u00e9-candidato.<\/p>\n<p>Nesta segunda-feira, 12, An\u00edbal, Pesaro e D\u2019\u00c1vila v\u00e3o participar de um novo encontro. O encontro ser\u00e1 realizado no c\u00e2mpus da Universidade Cruzeiro do Sul (Unicsul) de S\u00e3o Miguel, \u00e0s 19 horas. A ideia dos pr\u00e9-candidatos \u00e9 promover um debate por dia at\u00e9 a realiza\u00e7\u00e3o das pr\u00e9vias no partido.<\/p>\n<p><b>Candidatura<br \/><\/b><\/p>\n<p>A expectativa \u00e9 de que o prefeito Jo\u00e3o Doria oficialize nesta segunda-feira sua pr\u00e9-candidatura ao governo do Estado. Ter\u00e7a-feira, 13, \u00e9 o prazo final de inscri\u00e7\u00f5es para as pr\u00e9vias do PSDB. As prim\u00e1rias est\u00e3o marcadas para ocorrer em dois turnos, em 18 e 25 de mar\u00e7o. A assessoria de imprensa do prefeito foi procurada, mas disse n\u00e3o existir sinaliza\u00e7\u00e3o sobre o an\u00fancio de uma eventual candidatura.<\/p>\n<p>A inscri\u00e7\u00e3o de Doria est\u00e1 sendo articulada pelo presidente da Assembleia Legislativa de S\u00e3o Paulo, deputado Cau\u00ea Macris, pelo l\u00edder do PSDB na C\u00e2mara dos Deputados, Ricardo Tripoli (SP), pelo presidente do diret\u00f3rio municipal da legenda, vereador Jo\u00e3o Jorge, e pelo vice-prefeito Bruno Covas, al\u00e9m de outros l\u00edderes do partido. <\/p>\n<p>As informa\u00e7\u00f5es s\u00e3o do jornal\u00a0O Estado de S. Paulo.<\/p>\n<p>&nbsp;<\/p>\n<\/div>\n<\/div>\n<\/div>\n<\/div>\n<\/div>\n<\/div>\n","protected":false},"excerpt":{"rendered":"<p>Mesmo sem ser citado nominalmente, o prefeito de S\u00e3o Paulo, Jo\u00e3o Doria (PSDB), foi alvo de cr\u00edticas durante o primeiro debate entre pr\u00e9-candidatos tucanos ao&#8230;<\/p>\n","protected":false},"author":1182,"featured_media":19013,"comment_status":"closed","ping_status":"closed","sticky":false,"template":"","format":"standard","meta":{"footnotes":""},"categories":[6],"tags":[],"class_list":["post-26276","post","type-post","status-publish","format-standard","has-post-thumbnail","hentry","category-noticias"],"_links":{"self":[{"href":"https:\/\/www.sincomam.org.br\/index.php\/wp-json\/wp\/v2\/posts\/26276","targetHints":{"allow":["GET"]}}],"collection":[{"href":"https:\/\/www.sincomam.org.br\/index.php\/wp-json\/wp\/v2\/posts"}],"about":[{"href":"https:\/\/www.sincomam.org.br\/index.php\/wp-json\/wp\/v2\/types\/post"}],"author":[{"embeddable":true,"href":"https:\/\/www.sincomam.org.br\/index.php\/wp-json\/wp\/v2\/users\/1182"}],"replies":[{"embeddable":true,"href":"https:\/\/www.sincomam.org.br\/index.php\/wp-json\/wp\/v2\/comments?post=26276"}],"version-history":[{"count":1,"href":"https:\/\/www.sincomam.org.br\/index.php\/wp-json\/wp\/v2\/posts\/26276\/revisions"}],"predecessor-version":[{"id":26277,"href":"https:\/\/www.sincomam.org.br\/index.php\/wp-json\/wp\/v2\/posts\/26276\/revisions\/26277"}],"wp:featuredmedia":[{"embeddable":true,"href":"https:\/\/www.sincomam.org.br\/index.php\/wp-json\/wp\/v2\/media\/19013"}],"wp:attachment":[{"href":"https:\/\/www.sincomam.org.br\/index.php\/wp-json\/wp\/v2\/media?parent=26276"}],"wp:term":[{"taxonomy":"category","embeddable":true,"href":"https:\/\/www.sincomam.org.br\/index.php\/wp-json\/wp\/v2\/categories?post=26276"},{"taxonomy":"post_tag","embeddable":true,"href":"https:\/\/www.sincomam.org.br\/index.php\/wp-json\/wp\/v2\/tags?post=26276"}],"curies":[{"name":"wp","href":"https:\/\/api.w.org\/{rel}","templated":true}]}}