{"id":26274,"date":"2018-03-12T10:08:53","date_gmt":"2018-03-12T13:08:53","guid":{"rendered":"http:\/\/www.sincomam.org.br\/?p=26274"},"modified":"2018-03-12T10:17:19","modified_gmt":"2018-03-12T13:17:19","slug":"temer-discute-reacao-a-sobretaxa-ao-aco-libera-recursos-e-reune-se-com-aliados","status":"publish","type":"post","link":"https:\/\/www.sincomam.org.br\/index.php\/temer-discute-reacao-a-sobretaxa-ao-aco-libera-recursos-e-reune-se-com-aliados\/","title":{"rendered":"Temer discute rea\u00e7\u00e3o \u00e0 sobretaxa ao a\u00e7o, libera recursos e re\u00fane-se com aliados"},"content":{"rendered":"<p>O presidente Michel Temer recebe nesta segunda-feira, 12, no Pal\u00e1cio do Planalto, os ministros das Rela\u00e7\u00f5es Exteriores, Aloysio Nunes Ferreira, e o interino da Ind\u00fastria, Com\u00e9rcio Exterior e Servi\u00e7os, Marcos Jorge de Lima. No encontro, eles devem bater o martelo sobre a rea\u00e7\u00e3o brasileira \u00e0s sobretaxas impostas pelo governo norte-americano de Donald Trump \u00e0s importa\u00e7\u00f5es de a\u00e7o (25%) e de alum\u00ednio (10%).\u00a0<\/p>\n<p>A estrat\u00e9gia do governo, como disse Marcos Jorge ao\u00a0Broadcast\u00a0semana passada, \u00e9 apresentar recursos em dois \u00f3rg\u00e3os dos Estados Unidos contra a decis\u00e3o de Trump. Ele afirmou ver chances de o Brasil n\u00e3o ser atingido pela medida. \u201cQueremos que o Brasil seja exclu\u00eddo assim como o Canad\u00e1 e o M\u00e9xico\u201d, disse. Os recursos ser\u00e3o levados ao Departamento de Com\u00e9rcio norte-americano e ao Escrit\u00f3rio de Representa\u00e7\u00e3o Comercial dos EUA.\u00a0<\/p>\n<p>Na parte da tarde, Temer participa da cerim\u00f4nia de assinatura do termo de ades\u00e3o ao Programa Internet para Todos e de libera\u00e7\u00e3o de recursos para munic\u00edpios. O evento est\u00e1 marcado para as 15h.<\/p>\n<p>Depois, \u00e0s 17h, o presidente recebe o diretor-geral da Organiza\u00e7\u00e3o Mundial do Com\u00e9rcio (OMC), Roberto Azevedo. \u00c0s 18h, Temer tem reuni\u00e3o no Planalto com vice-l\u00edderes da base aliada no Congresso Nacional.<\/p>\n<p>Fonte: Isto \u00c9 Dinheiro<\/p>\n<p><ins class=\"adsbygoogle\" data-ad-layout=\"in-article\" data-ad-format=\"fluid\" data-ad-client=\"ca-pub-4663753467999594\" data-ad-slot=\"2453711447\" data-adsbygoogle-status=\"done\"><ins id=\"aswift_0_expand\"><\/ins><\/ins><\/p>\n","protected":false},"excerpt":{"rendered":"<p>O presidente Michel Temer recebe nesta segunda-feira, 12, no Pal\u00e1cio do Planalto, os ministros das Rela\u00e7\u00f5es Exteriores, Aloysio Nunes Ferreira, e o interino da Ind\u00fastria,&#8230;<\/p>\n","protected":false},"author":1182,"featured_media":19480,"comment_status":"closed","ping_status":"closed","sticky":false,"template":"","format":"standard","meta":{"footnotes":""},"categories":[6],"tags":[],"class_list":["post-26274","post","type-post","status-publish","format-standard","has-post-thumbnail","hentry","category-noticias"],"_links":{"self":[{"href":"https:\/\/www.sincomam.org.br\/index.php\/wp-json\/wp\/v2\/posts\/26274","targetHints":{"allow":["GET"]}}],"collection":[{"href":"https:\/\/www.sincomam.org.br\/index.php\/wp-json\/wp\/v2\/posts"}],"about":[{"href":"https:\/\/www.sincomam.org.br\/index.php\/wp-json\/wp\/v2\/types\/post"}],"author":[{"embeddable":true,"href":"https:\/\/www.sincomam.org.br\/index.php\/wp-json\/wp\/v2\/users\/1182"}],"replies":[{"embeddable":true,"href":"https:\/\/www.sincomam.org.br\/index.php\/wp-json\/wp\/v2\/comments?post=26274"}],"version-history":[{"count":1,"href":"https:\/\/www.sincomam.org.br\/index.php\/wp-json\/wp\/v2\/posts\/26274\/revisions"}],"predecessor-version":[{"id":26275,"href":"https:\/\/www.sincomam.org.br\/index.php\/wp-json\/wp\/v2\/posts\/26274\/revisions\/26275"}],"wp:featuredmedia":[{"embeddable":true,"href":"https:\/\/www.sincomam.org.br\/index.php\/wp-json\/wp\/v2\/media\/19480"}],"wp:attachment":[{"href":"https:\/\/www.sincomam.org.br\/index.php\/wp-json\/wp\/v2\/media?parent=26274"}],"wp:term":[{"taxonomy":"category","embeddable":true,"href":"https:\/\/www.sincomam.org.br\/index.php\/wp-json\/wp\/v2\/categories?post=26274"},{"taxonomy":"post_tag","embeddable":true,"href":"https:\/\/www.sincomam.org.br\/index.php\/wp-json\/wp\/v2\/tags?post=26274"}],"curies":[{"name":"wp","href":"https:\/\/api.w.org\/{rel}","templated":true}]}}