{"id":26265,"date":"2018-03-12T09:17:06","date_gmt":"2018-03-12T12:17:06","guid":{"rendered":"http:\/\/www.sincomam.org.br\/?p=26265"},"modified":"2018-03-12T09:17:06","modified_gmt":"2018-03-12T12:17:06","slug":"projeto-impede-a-privatizacao-da-companhia-docas-do-maranhao","status":"publish","type":"post","link":"https:\/\/www.sincomam.org.br\/index.php\/projeto-impede-a-privatizacao-da-companhia-docas-do-maranhao\/","title":{"rendered":"Projeto impede a privatiza\u00e7\u00e3o da Companhia Docas do Maranh\u00e3o"},"content":{"rendered":"<p>Proposta em an\u00e1lise na C\u00e2mara dos Deputados impede a privatiza\u00e7\u00e3o da Companhia Docas do Maranh\u00e3o. A privatiza\u00e7\u00e3o da companhia est\u00e1 prevista no Decreto 9.265\/18, publicado no dia 10 de janeiro.<\/p>\n<p>Contr\u00e1rio \u00e0 desestatiza\u00e7\u00e3o da empresa, o deputado Helder Salom\u00e3o (PT-ES) argumenta que a medida deveria estar em um projeto de lei a ser apresentado ao Congresso Nacional e n\u00e3o em um decreto presidencial.<\/p>\n<p>\u201cO governo n\u00e3o tem autoridade para legislar sobre a venda de empresas estatais por decreto\u201d, disse Salom\u00e3o, que apresentou o Projeto de Decreto Legislativo (PDC) 883\/18 com o objetivo de sustar o decreto presidencial. \u201cO governo quer entregar o patrim\u00f4nio do povo brasileiro ao mercado de forma a\u00e7odada e sem a discuss\u00e3o necess\u00e1ria\u201d, acrescentou.<\/p>\n<p>A Companhia Docas do Maranh\u00e3o \u00e9 respons\u00e1vel pela administra\u00e7\u00e3o de hidrovias que funcionam como escoadouros da produ\u00e7\u00e3o do interior do Pa\u00eds, especialmente da Amaz\u00f4nia e do Centro-Sul.<\/p>\n<p><strong>Tramita\u00e7\u00e3o<\/strong><\/p>\n<p>O projeto ser\u00e1 discutido e votado nas comiss\u00f5es de Via\u00e7\u00e3o e Transportes; e de Constitui\u00e7\u00e3o e Justi\u00e7a e de Cidadania. Depois, segue para a an\u00e1lise do Plen\u00e1rio.<\/p>\n<p>Fonte: Ag\u00eancia C\u00e2mara<\/p>\n","protected":false},"excerpt":{"rendered":"<p>Proposta em an\u00e1lise na C\u00e2mara dos Deputados impede a privatiza\u00e7\u00e3o da Companhia Docas do Maranh\u00e3o. A privatiza\u00e7\u00e3o da companhia est\u00e1 prevista no Decreto 9.265\/18, publicado&#8230;<\/p>\n","protected":false},"author":1182,"featured_media":5342,"comment_status":"closed","ping_status":"closed","sticky":false,"template":"","format":"standard","meta":{"footnotes":""},"categories":[6],"tags":[],"class_list":["post-26265","post","type-post","status-publish","format-standard","has-post-thumbnail","hentry","category-noticias"],"_links":{"self":[{"href":"https:\/\/www.sincomam.org.br\/index.php\/wp-json\/wp\/v2\/posts\/26265","targetHints":{"allow":["GET"]}}],"collection":[{"href":"https:\/\/www.sincomam.org.br\/index.php\/wp-json\/wp\/v2\/posts"}],"about":[{"href":"https:\/\/www.sincomam.org.br\/index.php\/wp-json\/wp\/v2\/types\/post"}],"author":[{"embeddable":true,"href":"https:\/\/www.sincomam.org.br\/index.php\/wp-json\/wp\/v2\/users\/1182"}],"replies":[{"embeddable":true,"href":"https:\/\/www.sincomam.org.br\/index.php\/wp-json\/wp\/v2\/comments?post=26265"}],"version-history":[{"count":1,"href":"https:\/\/www.sincomam.org.br\/index.php\/wp-json\/wp\/v2\/posts\/26265\/revisions"}],"predecessor-version":[{"id":26266,"href":"https:\/\/www.sincomam.org.br\/index.php\/wp-json\/wp\/v2\/posts\/26265\/revisions\/26266"}],"wp:featuredmedia":[{"embeddable":true,"href":"https:\/\/www.sincomam.org.br\/index.php\/wp-json\/wp\/v2\/media\/5342"}],"wp:attachment":[{"href":"https:\/\/www.sincomam.org.br\/index.php\/wp-json\/wp\/v2\/media?parent=26265"}],"wp:term":[{"taxonomy":"category","embeddable":true,"href":"https:\/\/www.sincomam.org.br\/index.php\/wp-json\/wp\/v2\/categories?post=26265"},{"taxonomy":"post_tag","embeddable":true,"href":"https:\/\/www.sincomam.org.br\/index.php\/wp-json\/wp\/v2\/tags?post=26265"}],"curies":[{"name":"wp","href":"https:\/\/api.w.org\/{rel}","templated":true}]}}