{"id":26238,"date":"2018-03-08T10:16:47","date_gmt":"2018-03-08T13:16:47","guid":{"rendered":"http:\/\/www.sincomam.org.br\/?p=26238"},"modified":"2018-03-08T10:16:47","modified_gmt":"2018-03-08T13:16:47","slug":"auxiliares-de-temer-revelam-arrependimento-com-estrategia-de-anunciar-divulgacao-de-extratos-bancarios","status":"publish","type":"post","link":"https:\/\/www.sincomam.org.br\/index.php\/auxiliares-de-temer-revelam-arrependimento-com-estrategia-de-anunciar-divulgacao-de-extratos-bancarios\/","title":{"rendered":"Auxiliares de Temer revelam arrependimento com estrat\u00e9gia de anunciar divulga\u00e7\u00e3o de extratos banc\u00e1rios"},"content":{"rendered":"<div class=\"mc-column content-text active-extra-styles active-capital-letter\" data-block-type=\"unstyled\" data-block-weight=\"31\" data-block-id=\"1\">\n<p class=\"content-text__container theme-color-primary-first-letter\" data-track-category=\"Link no Texto\" data-track-links=\"\">O clima \u00e9 de arrependimento no Pal\u00e1cio do Planalto com o an\u00fancio apressado do presidente Michel Temer na segunda-feira (5) de abrir m\u00e3o do pr\u00f3prio sigilo e divulgar seus extratos banc\u00e1rios. Segundo informa\u00e7\u00e3o os governistas consideraram precipitada a rea\u00e7\u00e3o de Temer, diante da decis\u00e3o do ministro Lu\u00eds Roberto Barroso (STF), que determinou a quebra do sigilo do presidente em inqu\u00e9rito que apura suspeita de propina em concess\u00f5es no porto de Santos.<\/p>\n<\/div>\n<div class=\"mc-column content-text active-extra-styles \" data-block-type=\"unstyled\" data-block-weight=\"37\" data-block-id=\"3\">\n<p class=\"content-text__container \" data-track-category=\"Link no Texto\" data-track-links=\"\">H\u00e1 o reconhecimento no n\u00facleo palaciano que isso iria expor Michel Temer de forma desnecess\u00e1ria. Por isso, a estrat\u00e9gia definida pelo c\u00edrculo mais pr\u00f3ximo do presidente \u00e9 de &#8220;empurrar com a barriga&#8221; a divulga\u00e7\u00e3o dos dados banc\u00e1rios.<\/p>\n<\/div>\n<div class=\"mc-column content-text active-extra-styles \" data-block-type=\"unstyled\" data-block-weight=\"36\" data-block-id=\"4\">\n<p class=\"content-text__container \" data-track-category=\"Link no Texto\" data-track-links=\"\">\u201cDivulgar os dados banc\u00e1rios do Temer seria expor o presidente num momento em que o governo tenta emplacar a agenda positiva da seguran\u00e7a p\u00fablica. O foco ficaria todo na quebra do sigilo\u201d, afirmou um l\u00edder governista.<\/p>\n<\/div>\n<div class=\"mc-column content-text active-extra-styles \" data-block-type=\"unstyled\" data-block-weight=\"32\" data-block-id=\"5\">\n<p class=\"content-text__container \" data-track-category=\"Link no Texto\" data-track-links=\"\">Outro ponto que come\u00e7a a ser questionado pelos aliados mais pr\u00f3ximos \u00e9 o fato de o governo ter anunciado que n\u00e3o entraria com recurso questionando o m\u00e9rito da decis\u00e3o do ministro Barroso.<\/p>\n<\/div>\n<div data-track-category=\"fim do conteudo\" data-track-action=\"ultimo chunk conteudo\" data-track-noninteraction=\"false\" data-track-scroll=\"entrada completa viewport\">\n<div class=\"mc-column content-text active-extra-styles \" data-block-type=\"unstyled\" data-block-weight=\"37\" data-block-id=\"6\">\n<p class=\"content-text__container \" data-track-category=\"Link no Texto\" data-track-links=\"\">Diante da divis\u00e3o do governo, a equipe jur\u00eddica de Temer j\u00e1 avalia a possibilidade de entrar com recurso. Mas antes vai esperar a resposta de Barroso ao pedido para que Temer tenha acesso \u00e0 \u00edntegra da decis\u00e3o.<\/p>\n<\/div>\n<\/div>\n","protected":false},"excerpt":{"rendered":"<p>O clima \u00e9 de arrependimento no Pal\u00e1cio do Planalto com o an\u00fancio apressado do presidente Michel Temer na segunda-feira (5) de abrir m\u00e3o do pr\u00f3prio&#8230;<\/p>\n","protected":false},"author":1182,"featured_media":19480,"comment_status":"closed","ping_status":"closed","sticky":false,"template":"","format":"standard","meta":{"footnotes":""},"categories":[6],"tags":[],"class_list":["post-26238","post","type-post","status-publish","format-standard","has-post-thumbnail","hentry","category-noticias"],"_links":{"self":[{"href":"https:\/\/www.sincomam.org.br\/index.php\/wp-json\/wp\/v2\/posts\/26238","targetHints":{"allow":["GET"]}}],"collection":[{"href":"https:\/\/www.sincomam.org.br\/index.php\/wp-json\/wp\/v2\/posts"}],"about":[{"href":"https:\/\/www.sincomam.org.br\/index.php\/wp-json\/wp\/v2\/types\/post"}],"author":[{"embeddable":true,"href":"https:\/\/www.sincomam.org.br\/index.php\/wp-json\/wp\/v2\/users\/1182"}],"replies":[{"embeddable":true,"href":"https:\/\/www.sincomam.org.br\/index.php\/wp-json\/wp\/v2\/comments?post=26238"}],"version-history":[{"count":1,"href":"https:\/\/www.sincomam.org.br\/index.php\/wp-json\/wp\/v2\/posts\/26238\/revisions"}],"predecessor-version":[{"id":26239,"href":"https:\/\/www.sincomam.org.br\/index.php\/wp-json\/wp\/v2\/posts\/26238\/revisions\/26239"}],"wp:featuredmedia":[{"embeddable":true,"href":"https:\/\/www.sincomam.org.br\/index.php\/wp-json\/wp\/v2\/media\/19480"}],"wp:attachment":[{"href":"https:\/\/www.sincomam.org.br\/index.php\/wp-json\/wp\/v2\/media?parent=26238"}],"wp:term":[{"taxonomy":"category","embeddable":true,"href":"https:\/\/www.sincomam.org.br\/index.php\/wp-json\/wp\/v2\/categories?post=26238"},{"taxonomy":"post_tag","embeddable":true,"href":"https:\/\/www.sincomam.org.br\/index.php\/wp-json\/wp\/v2\/tags?post=26238"}],"curies":[{"name":"wp","href":"https:\/\/api.w.org\/{rel}","templated":true}]}}