{"id":26236,"date":"2018-03-08T10:09:26","date_gmt":"2018-03-08T13:09:26","guid":{"rendered":"http:\/\/www.sincomam.org.br\/?p=26236"},"modified":"2018-03-08T10:09:26","modified_gmt":"2018-03-08T13:09:26","slug":"rodrigo-maia-vai-lancar-pre-candidatura-e-fala-em-nova-politica","status":"publish","type":"post","link":"https:\/\/www.sincomam.org.br\/index.php\/rodrigo-maia-vai-lancar-pre-candidatura-e-fala-em-nova-politica\/","title":{"rendered":"Rodrigo Maia vai lan\u00e7ar pr\u00e9-candidatura e fala em &#8216;nova pol\u00edtica&#8217;"},"content":{"rendered":"<p>O presidente da C\u00e2mara,<span>\u00a0<\/span>Rodrigo Maia\u00a0(DEM-RJ), lan\u00e7a nessa quinta-feira sua pr\u00e9-candidatura \u00e0\u00a0Presid\u00eancia da Rep\u00fablica<span>\u00a0<\/span>durante conven\u00e7\u00e3o nacional dos Democratas, em Bras\u00edlia. A ideia central \u00e9 se apresentar como uma op\u00e7\u00e3o h\u00edbrida de centro: na economia estar\u00e1 ligada a preceitos liberais, de enxugamento do Estado e reduzido intervencionismo econ\u00f4mico, mas com forte destaque para o lado social, com frases de apelo aos mais pobres, t\u00edpicas da esquerda.<\/p>\n<div id=\"smartIntxt-afded9\">Em conversa com O GLOBO, Maia avaliou que o Brasil vive o fim de um ciclo pol\u00edtico, que se iniciou em 1985, com a redemocratiza\u00e7\u00e3o. E alfinetou Temer sobre a hip\u00f3tese de ele tentar uma reelei\u00e7\u00e3o ao Pal\u00e1cio do Planalto.<\/div>\n<p><span><br \/>Fonte: G1<\/span><\/p>\n","protected":false},"excerpt":{"rendered":"<p>O presidente da C\u00e2mara,\u00a0Rodrigo Maia\u00a0(DEM-RJ), lan\u00e7a nessa quinta-feira sua pr\u00e9-candidatura \u00e0\u00a0Presid\u00eancia da Rep\u00fablica\u00a0durante conven\u00e7\u00e3o nacional dos Democratas, em Bras\u00edlia. A ideia central \u00e9 se apresentar&#8230;<\/p>\n","protected":false},"author":1182,"featured_media":19013,"comment_status":"closed","ping_status":"closed","sticky":false,"template":"","format":"standard","meta":{"footnotes":""},"categories":[6],"tags":[],"class_list":["post-26236","post","type-post","status-publish","format-standard","has-post-thumbnail","hentry","category-noticias"],"_links":{"self":[{"href":"https:\/\/www.sincomam.org.br\/index.php\/wp-json\/wp\/v2\/posts\/26236","targetHints":{"allow":["GET"]}}],"collection":[{"href":"https:\/\/www.sincomam.org.br\/index.php\/wp-json\/wp\/v2\/posts"}],"about":[{"href":"https:\/\/www.sincomam.org.br\/index.php\/wp-json\/wp\/v2\/types\/post"}],"author":[{"embeddable":true,"href":"https:\/\/www.sincomam.org.br\/index.php\/wp-json\/wp\/v2\/users\/1182"}],"replies":[{"embeddable":true,"href":"https:\/\/www.sincomam.org.br\/index.php\/wp-json\/wp\/v2\/comments?post=26236"}],"version-history":[{"count":1,"href":"https:\/\/www.sincomam.org.br\/index.php\/wp-json\/wp\/v2\/posts\/26236\/revisions"}],"predecessor-version":[{"id":26237,"href":"https:\/\/www.sincomam.org.br\/index.php\/wp-json\/wp\/v2\/posts\/26236\/revisions\/26237"}],"wp:featuredmedia":[{"embeddable":true,"href":"https:\/\/www.sincomam.org.br\/index.php\/wp-json\/wp\/v2\/media\/19013"}],"wp:attachment":[{"href":"https:\/\/www.sincomam.org.br\/index.php\/wp-json\/wp\/v2\/media?parent=26236"}],"wp:term":[{"taxonomy":"category","embeddable":true,"href":"https:\/\/www.sincomam.org.br\/index.php\/wp-json\/wp\/v2\/categories?post=26236"},{"taxonomy":"post_tag","embeddable":true,"href":"https:\/\/www.sincomam.org.br\/index.php\/wp-json\/wp\/v2\/tags?post=26236"}],"curies":[{"name":"wp","href":"https:\/\/api.w.org\/{rel}","templated":true}]}}