{"id":26224,"date":"2018-03-07T00:28:48","date_gmt":"2018-03-07T03:28:48","guid":{"rendered":"http:\/\/www.sincomam.org.br\/?p=26224"},"modified":"2018-03-06T09:29:30","modified_gmt":"2018-03-06T12:29:30","slug":"governo-preve-producao-de-4-milhoes-de-toneladas-de-graos-no-nordeste","status":"publish","type":"post","link":"https:\/\/www.sincomam.org.br\/index.php\/governo-preve-producao-de-4-milhoes-de-toneladas-de-graos-no-nordeste\/","title":{"rendered":"Governo prev\u00ea produ\u00e7\u00e3o de 4 milh\u00f5es de toneladas de gr\u00e3os no Nordeste"},"content":{"rendered":"<p>A mancha vermelho-escura que tomava boa parte do mapa do Nordeste do Monitor de Secas, em janeiro de 2017, reduziu-se de forma significativa em janeiro deste ano, resultado das primeiras chuvas da pr\u00e9-esta\u00e7\u00e3o e da esta\u00e7\u00e3o chuvosa nos Estados da regi\u00e3o.<\/p>\n<p>A mudan\u00e7a do cen\u00e1rio ocorre ap\u00f3s, pelo menos, seis anos consecutivos de estiagem no Nordeste. Para\u00edba e Pernambuco ainda est\u00e3o com cerca da metade de seus territ\u00f3rios em situa\u00e7\u00e3o de seca excepcional. As partes leste da Bahia, de Alagoas e Sergipe j\u00e1 possuem \u00e1reas sem seca relativa.<\/p>\n<p>O Piau\u00ed foi um dos Estados em que a mancha de seca excepcional mais se reduziu, embora permane\u00e7a com \u00e1reas de seca grave e extrema. Segundo a Secretaria de Desenvolvimento Rural do Estado, essa situa\u00e7\u00e3o atingiu 80% do seu territ\u00f3rio, mas hoje est\u00e1 em 15%. O titular da secretaria de Desenvolvimento Rural do Estado, Francisco Limma, explica que essa redu\u00e7\u00e3o vem das primeiras chuvas no centro sul do Piau\u00ed, que come\u00e7aram por volta de outubro, e na parte central, onde chove a partir de dezembro.<\/p>\n<p>Essas precipita\u00e7\u00f5es, mesmo ocorrendo abaixo ou na m\u00e9dia hist\u00f3rica, j\u00e1 resultaram na recarga em importantes a\u00e7udes, como o Bocaina e o Piaus, localizados na regi\u00e3o mais seca do Estado, que est\u00e3o com pouco mais de 17% de suas capacidades. No total, os reservat\u00f3rios do Piau\u00ed j\u00e1 acumulam 54% do volume total.<\/p>\n<p>Recorde de safra<\/p>\n<p>O impacto dessas chuvas, segundo Limma, \u00e9 a perspectiva de novo recorde de safra, cuja regi\u00e3o conhecida como Matopiba (refer\u00eancia \u00e0s divisas entre Maranh\u00e3o, Tocantins, Piau\u00ed e Bahia, considerada a nova fronteira agr\u00edcola do Brasil) tem importante impacto.<\/p>\n<p>A previs\u00e3o para 2018 \u00e9 atingir 4 milh\u00f5es de toneladas de gr\u00e3os. Em 2016, um dos anos de seca, a colheita ficou em apenas 1,5 milh\u00e3o de toneladas.<\/p>\n<p>&#8220;Com o restabelecimento da normalidade da chuva e a redu\u00e7\u00e3o da mancha da seca, estamos animados e certamente teremos um novo recorde na produ\u00e7\u00e3o agropecu\u00e1ria&#8221;, diz o secret\u00e1rio de Desenvolvimento Rural. &#8220;Somos o terceiro maior produtor de gr\u00e3os do Nordeste e o Estado em que o PIB mais cresceu. Com a regulariza\u00e7\u00e3o das chuvas, teremos um incremento na safra.&#8221;<\/p>\n<p>Para o supervisor da unidade de Tempo e Clima da Funda\u00e7\u00e3o Cearense de Meteorologia (Funceme), Raul Fritz, a diferen\u00e7a entre os mapas do Monitor de Secas \u00e9 decorrente de chuvas em torno das m\u00e9dias hist\u00f3ricas em 2017 em alguns Estados do Nordeste, a exemplo do Cear\u00e1.<\/p>\n<p>Em 2018, mesmo n\u00e3o apresentando precipita\u00e7\u00f5es significativas, janeiro trouxe certo al\u00edvio para a condi\u00e7\u00e3o de seca extrema e excepcional, sobretudo no norte e na parte leste do Nordeste, mas esse cen\u00e1rio permanece na parte central da regi\u00e3o.<\/p>\n<p>Segundo Fritz, a mudan\u00e7a mais percept\u00edvel na condi\u00e7\u00e3o de seca na regi\u00e3o ser\u00e1 notada no mapa de fevereiro, que dever\u00e1 refletir a boa posi\u00e7\u00e3o da Zona de Converg\u00eancia Intertropical (ZCIT), o principal sistema meteorol\u00f3gico dos regimes de chuvas do Nordeste.<\/p>\n<p>Recupera\u00e7\u00e3o em 2018<\/p>\n<p>&#8220;Esperamos uma recupera\u00e7\u00e3o mesmo agora em 2018. A Zona de Converg\u00eancia Intertropical mostra condi\u00e7\u00e3o favor\u00e1vel para isso. Se n\u00e3o houver uma revers\u00e3o, \u00e9 poss\u00edvel que tenhamos uma invers\u00e3o dessa situa\u00e7\u00e3o t\u00e3o feia e grave,&#8221; afirmou.<\/p>\n<p>Fritz ressalta que a diminui\u00e7\u00e3o da \u00e1rea de seca excepcional ainda n\u00e3o alivia a crise h\u00eddrica na regi\u00e3o. Segundo ele, a recarga dos reservat\u00f3rios estaria condicionada a chuvas acima da m\u00e9dia hist\u00f3rica durante todo o per\u00edodo chuvoso de 2018. Embora fevereiro tenha sido assim, ainda n\u00e3o \u00e9 poss\u00edvel prever que essa tend\u00eancia pode se repetir ao longo do restante do per\u00edodo chuvoso.<\/p>\n<p>Fonte: Valor<\/p>\n","protected":false},"excerpt":{"rendered":"<p>A mancha vermelho-escura que tomava boa parte do mapa do Nordeste do Monitor de Secas, em janeiro de 2017, reduziu-se de forma significativa em janeiro&#8230;<\/p>\n","protected":false},"author":1182,"featured_media":17820,"comment_status":"closed","ping_status":"closed","sticky":false,"template":"","format":"standard","meta":{"footnotes":""},"categories":[6],"tags":[],"class_list":["post-26224","post","type-post","status-publish","format-standard","has-post-thumbnail","hentry","category-noticias"],"_links":{"self":[{"href":"https:\/\/www.sincomam.org.br\/index.php\/wp-json\/wp\/v2\/posts\/26224","targetHints":{"allow":["GET"]}}],"collection":[{"href":"https:\/\/www.sincomam.org.br\/index.php\/wp-json\/wp\/v2\/posts"}],"about":[{"href":"https:\/\/www.sincomam.org.br\/index.php\/wp-json\/wp\/v2\/types\/post"}],"author":[{"embeddable":true,"href":"https:\/\/www.sincomam.org.br\/index.php\/wp-json\/wp\/v2\/users\/1182"}],"replies":[{"embeddable":true,"href":"https:\/\/www.sincomam.org.br\/index.php\/wp-json\/wp\/v2\/comments?post=26224"}],"version-history":[{"count":1,"href":"https:\/\/www.sincomam.org.br\/index.php\/wp-json\/wp\/v2\/posts\/26224\/revisions"}],"predecessor-version":[{"id":26225,"href":"https:\/\/www.sincomam.org.br\/index.php\/wp-json\/wp\/v2\/posts\/26224\/revisions\/26225"}],"wp:featuredmedia":[{"embeddable":true,"href":"https:\/\/www.sincomam.org.br\/index.php\/wp-json\/wp\/v2\/media\/17820"}],"wp:attachment":[{"href":"https:\/\/www.sincomam.org.br\/index.php\/wp-json\/wp\/v2\/media?parent=26224"}],"wp:term":[{"taxonomy":"category","embeddable":true,"href":"https:\/\/www.sincomam.org.br\/index.php\/wp-json\/wp\/v2\/categories?post=26224"},{"taxonomy":"post_tag","embeddable":true,"href":"https:\/\/www.sincomam.org.br\/index.php\/wp-json\/wp\/v2\/tags?post=26224"}],"curies":[{"name":"wp","href":"https:\/\/api.w.org\/{rel}","templated":true}]}}