{"id":26222,"date":"2018-03-07T09:27:54","date_gmt":"2018-03-07T12:27:54","guid":{"rendered":"http:\/\/www.sincomam.org.br\/?p=26222"},"modified":"2018-03-06T09:28:40","modified_gmt":"2018-03-06T12:28:40","slug":"numero-de-barreiras-a-exportacoes-brasileiras-e-o-maior-desde-2011","status":"publish","type":"post","link":"https:\/\/www.sincomam.org.br\/index.php\/numero-de-barreiras-a-exportacoes-brasileiras-e-o-maior-desde-2011\/","title":{"rendered":"N\u00famero de barreiras a exporta\u00e7\u00f5es brasileiras \u00e9 o maior desde 2011"},"content":{"rendered":"<p>Levantamento do Minist\u00e9rio da Ind\u00fastria e Com\u00e9rcio Exterior (Mdic) repassado ao \u2018Estad\u00e3o\/Broadcast\u2019 mostra que o n\u00famero de medidas em vigor contra a exporta\u00e7\u00e3o de produtos brasileiros \u00e9 o maior desde 2011. At\u00e9 dezembro de 2017, vigoravam 40 medidas contra as exporta\u00e7\u00f5es brasileiras, total que ainda n\u00e3o inclui a sobretaxa anunciada na semana passada pelos Estados Unidos, que atingir\u00e1 as exporta\u00e7\u00f5es de a\u00e7o e alum\u00ednio brasileira e ainda n\u00e3o est\u00e1 oficialmente sendo aplicada.<\/p>\n<p>Usiminas<\/p>\n<p>Produtores brasileiros de a\u00e7o s\u00e3o muito afetados pelas barreiras contra importa\u00e7\u00f5es definidas por outros pa\u00edses Foto: Vidal Cavalcante|Estad\u00e3o<\/p>\n<p>Nos \u00faltimos tr\u00eas anos, o n\u00famero de investiga\u00e7\u00f5es iniciadas contra o Brasil deu um salto. Se em 2014 foram abertas apenas 7, em 2015 foram 25; em 2016, 23; e em 2017, 20.<\/p>\n<p>Do total de investiga\u00e7\u00f5es que foram abertas nesses tr\u00eas anos, 31 foram encerradas com a ado\u00e7\u00e3o de algum tipo de medida, como a aplica\u00e7\u00e3o de sobretaxas na compra do produto brasileiro \u2013 as medidas geralmente ficam em vigor por um prazo de cinco anos.<\/p>\n<p>Al\u00e9m da recess\u00e3o interna e da competi\u00e7\u00e3o internacional, a ind\u00fastria brasileira teve de enfrentar cada vez mais nos \u00faltimos anos barreiras contra produtos importados do Brasil, como o aumento de sobretaxas e outras medidas de defesa comercial adotadas, principalmente, por Estados Unidos, Canad\u00e1 e Argentina.\u00a0<\/p>\n<p>\u201cH\u00e1 um crescimento no n\u00famero de investiga\u00e7\u00e3o no exterior de maneira geral e tamb\u00e9m em rela\u00e7\u00e3o ao Brasil. Os Estados Unidos t\u00eam intensificado o mecanismo de defesa comercial agora mais do que nunca\u201d, afirma o secret\u00e1rio de Com\u00e9rcio Exterior do Mdic, Abr\u00e3o Neto.<\/p>\n<p>Um dos setores mais prejudicados \u00e9 justamente o sider\u00fargico. Do total de medidas em vigor, 15 s\u00e3o dos Estados Unidos, atingindo, principalmente produtos de a\u00e7o, como laminados a quente, laminados a frio e fio-m\u00e1quina, utilizados em diversas ind\u00fastrias.<\/p>\n<p>Em seguida est\u00e1 a Argentina, com oito medidas em setores como cer\u00e2mica e porcelana, e o Canad\u00e1, atingindo tamb\u00e9m a\u00e7o e cobre. Neto explica que o ambiente externo tem se agravado com o excesso de produ\u00e7\u00e3o na siderurgia, fazendo com que os pa\u00edses a lancem m\u00e3o de medidas de defesa para protegerem suas ind\u00fastrias.<\/p>\n<p>Para a especialista em com\u00e9rcio exterior e professora da Funda\u00e7\u00e3o Get\u00falio Vargas Lia Valls, n\u00e3o h\u00e1 um ataque espec\u00edfico contra o Brasil, mas um movimento dos pa\u00edses contra setores em geral, principalmente o sider\u00fargico, que acaba tendo impacto nas exporta\u00e7\u00f5es brasileiras: \u201cA ind\u00fastria sider\u00fargica americana \u00e9 sempre demandante de prote\u00e7\u00e3o, desde os anos 60, e tem um lobby muito forte com pleitos sempre atendidos. A diferen\u00e7a \u00e9 que o Trump parece n\u00e3o ligar para o constrangimento de ser questionado na Organiza\u00e7\u00e3o Mundial do Com\u00e9rcio (OMC)\u201d.<\/p>\n<p>Importa\u00e7\u00e3o. O ataque aos produtos do Brasil ocorre ao mesmo tempo que cai o n\u00famero de investiga\u00e7\u00f5es abertas e de medidas aplicadas pelo governo brasileiro contra a compra de produtos de outros pa\u00edses.<\/p>\n<p>Depois de chegar a 67 em 2013, o total de investiga\u00e7\u00f5es iniciadas caiu a 18, o menor n\u00famero desde 2005. J\u00e1 o n\u00famero de medidas de defesa aplicadas pelo governo brasileiro contra produtos importados foi de apenas 18 no ano passado, o menor patamar desde 2013.<\/p>\n<p>Segundo Neto, a desacelera\u00e7\u00e3o da economia brasileira contribuiu para uma redu\u00e7\u00e3o no uso desses instrumentos, com a queda nas importa\u00e7\u00f5es. A retomada da atividade, no entanto, deve levar a um aumento dos pedidos de novas investiga\u00e7\u00f5es e de aplica\u00e7\u00e3o de medidas de defesa. \u201c\u00c9 uma tend\u00eancia hoje utilizar mais mecanismos de defesa comercial\u201d, acredita.<\/p>\n<p>Fonte: Estad\u00e3o<\/p>\n","protected":false},"excerpt":{"rendered":"<p>Levantamento do Minist\u00e9rio da Ind\u00fastria e Com\u00e9rcio Exterior (Mdic) repassado ao \u2018Estad\u00e3o\/Broadcast\u2019 mostra que o n\u00famero de medidas em vigor contra a exporta\u00e7\u00e3o de produtos&#8230;<\/p>\n","protected":false},"author":1182,"featured_media":18377,"comment_status":"closed","ping_status":"closed","sticky":false,"template":"","format":"standard","meta":{"footnotes":""},"categories":[6],"tags":[],"class_list":["post-26222","post","type-post","status-publish","format-standard","has-post-thumbnail","hentry","category-noticias"],"_links":{"self":[{"href":"https:\/\/www.sincomam.org.br\/index.php\/wp-json\/wp\/v2\/posts\/26222","targetHints":{"allow":["GET"]}}],"collection":[{"href":"https:\/\/www.sincomam.org.br\/index.php\/wp-json\/wp\/v2\/posts"}],"about":[{"href":"https:\/\/www.sincomam.org.br\/index.php\/wp-json\/wp\/v2\/types\/post"}],"author":[{"embeddable":true,"href":"https:\/\/www.sincomam.org.br\/index.php\/wp-json\/wp\/v2\/users\/1182"}],"replies":[{"embeddable":true,"href":"https:\/\/www.sincomam.org.br\/index.php\/wp-json\/wp\/v2\/comments?post=26222"}],"version-history":[{"count":1,"href":"https:\/\/www.sincomam.org.br\/index.php\/wp-json\/wp\/v2\/posts\/26222\/revisions"}],"predecessor-version":[{"id":26223,"href":"https:\/\/www.sincomam.org.br\/index.php\/wp-json\/wp\/v2\/posts\/26222\/revisions\/26223"}],"wp:featuredmedia":[{"embeddable":true,"href":"https:\/\/www.sincomam.org.br\/index.php\/wp-json\/wp\/v2\/media\/18377"}],"wp:attachment":[{"href":"https:\/\/www.sincomam.org.br\/index.php\/wp-json\/wp\/v2\/media?parent=26222"}],"wp:term":[{"taxonomy":"category","embeddable":true,"href":"https:\/\/www.sincomam.org.br\/index.php\/wp-json\/wp\/v2\/categories?post=26222"},{"taxonomy":"post_tag","embeddable":true,"href":"https:\/\/www.sincomam.org.br\/index.php\/wp-json\/wp\/v2\/tags?post=26222"}],"curies":[{"name":"wp","href":"https:\/\/api.w.org\/{rel}","templated":true}]}}