{"id":26214,"date":"2018-03-06T09:21:44","date_gmt":"2018-03-06T12:21:44","guid":{"rendered":"http:\/\/www.sincomam.org.br\/?p=26214"},"modified":"2018-03-06T09:21:44","modified_gmt":"2018-03-06T12:21:44","slug":"ipc-c1-baixa-renda-cai-001-em-fevereiro-ante-050-em-janeiro-revela-fgv","status":"publish","type":"post","link":"https:\/\/www.sincomam.org.br\/index.php\/ipc-c1-baixa-renda-cai-001-em-fevereiro-ante-050-em-janeiro-revela-fgv\/","title":{"rendered":"IPC-C1 (baixa renda) cai 0,01% em fevereiro ante 0,50% em janeiro, revela FGV"},"content":{"rendered":"<p>O \u00cdndice de Pre\u00e7os ao Consumidor \u2013 Classe 1 (IPC-C1) caiu 0,01% em fevereiro, ap\u00f3s a alta de 0,50% registrada em janeiro, informou na manh\u00e3 desta ter\u00e7a-feira, 6, a Funda\u00e7\u00e3o Getulio Vargas (FGV).<\/p>\n<p>O indicador \u00e9 usado para mensurar o impacto da movimenta\u00e7\u00e3o de pre\u00e7os entre fam\u00edlias com renda mensal entre um e 2,5 sal\u00e1rios m\u00ednimos. Com o resultado, o \u00edndice acumulou alta de 0,49% no ano e avan\u00e7o de 1,94% em 12 meses.<\/p>\n<p>Em fevereiro, o IPC-C1 ficou abaixo da varia\u00e7\u00e3o da infla\u00e7\u00e3o m\u00e9dia apurada entre as fam\u00edlias com renda mensal entre um e 33 sal\u00e1rios m\u00ednimos, obtida pelo \u00cdndice de Pre\u00e7os ao Consumidor \u2013 Brasil (IPC-BR), que teve alta de 0,17% no m\u00eas. No acumulado em 12 meses, a taxa do IPC-BR tamb\u00e9m foi superior, aos 3,07%.<\/p>\n<div class=\"hCYUyo42\">\n<div id=\"admateria2\" data-google-query-id=\"CJPuqaTX19kCFQobhgodB8wBmQ\">\n<p>As fam\u00edlias de baixa renda gastaram menos com alimenta\u00e7\u00e3o em fevereiro, o que ajudou a reduzir o IPC-C1 no m\u00eas.<\/p>\n<p>Sete das oito classes de despesa registraram taxas de varia\u00e7\u00e3o mais baixas: Alimenta\u00e7\u00e3o (de 1,19% em janeiro para -0,31% em fevereiro), Transportes (de 1,77% para 0,76%), Educa\u00e7\u00e3o, Leitura e Recrea\u00e7\u00e3o (de 2,24% para -0,18%), Vestu\u00e1rio (de 0,19% para -0,72%), Comunica\u00e7\u00e3o (de 0,08% para -0,10%), Sa\u00fade e Cuidados Pessoais (de 0,18% para 0,17%) e Despesas Pessoais (de 0,14% para 0,13%).<\/p>\n<p>Os destaques partiram dos itens hortali\u00e7as e legumes (de 16,30% para -0,39%), tarifa de \u00f4nibus urbano (de 2,53% para 0,47%), cursos formais (de 7,00% para 0,00%), roupas (de -0,26% para -0,70%), mensalidade para TV por assinatura (de 0,16% para -2,60%), sal\u00e3o de beleza (de 0,57% para 0,26%) e cart\u00e3o de telefone (de 0,91% para -0,10%), respectivamente.<\/p>\n<div class=\"RXYReFHm\">\n<p>Na dire\u00e7\u00e3o oposta, apenas o grupo Habita\u00e7\u00e3o registrou acelera\u00e7\u00e3o, saindo de um recuo de 0,83% em janeiro para avan\u00e7o de 0,07% em fevereiro, sob influ\u00eancia da tarifa de eletricidade residencial, que saiu de -5,39% para 0,84% no per\u00edodo.<\/p>\n<p><ins class=\"adsbygoogle\" data-ad-layout=\"in-article\" data-ad-format=\"fluid\" data-ad-client=\"ca-pub-4663753467999594\" data-ad-slot=\"2453711447\" data-adsbygoogle-status=\"done\"><ins id=\"aswift_0_expand\"><\/ins><\/ins><\/div>\n<\/div>\n<\/div>\n","protected":false},"excerpt":{"rendered":"<p>O \u00cdndice de Pre\u00e7os ao Consumidor \u2013 Classe 1 (IPC-C1) caiu 0,01% em fevereiro, ap\u00f3s a alta de 0,50% registrada em janeiro, informou na manh\u00e3&#8230;<\/p>\n","protected":false},"author":1182,"featured_media":18439,"comment_status":"closed","ping_status":"closed","sticky":false,"template":"","format":"standard","meta":{"footnotes":""},"categories":[6],"tags":[],"class_list":["post-26214","post","type-post","status-publish","format-standard","has-post-thumbnail","hentry","category-noticias"],"_links":{"self":[{"href":"https:\/\/www.sincomam.org.br\/index.php\/wp-json\/wp\/v2\/posts\/26214","targetHints":{"allow":["GET"]}}],"collection":[{"href":"https:\/\/www.sincomam.org.br\/index.php\/wp-json\/wp\/v2\/posts"}],"about":[{"href":"https:\/\/www.sincomam.org.br\/index.php\/wp-json\/wp\/v2\/types\/post"}],"author":[{"embeddable":true,"href":"https:\/\/www.sincomam.org.br\/index.php\/wp-json\/wp\/v2\/users\/1182"}],"replies":[{"embeddable":true,"href":"https:\/\/www.sincomam.org.br\/index.php\/wp-json\/wp\/v2\/comments?post=26214"}],"version-history":[{"count":1,"href":"https:\/\/www.sincomam.org.br\/index.php\/wp-json\/wp\/v2\/posts\/26214\/revisions"}],"predecessor-version":[{"id":26215,"href":"https:\/\/www.sincomam.org.br\/index.php\/wp-json\/wp\/v2\/posts\/26214\/revisions\/26215"}],"wp:featuredmedia":[{"embeddable":true,"href":"https:\/\/www.sincomam.org.br\/index.php\/wp-json\/wp\/v2\/media\/18439"}],"wp:attachment":[{"href":"https:\/\/www.sincomam.org.br\/index.php\/wp-json\/wp\/v2\/media?parent=26214"}],"wp:term":[{"taxonomy":"category","embeddable":true,"href":"https:\/\/www.sincomam.org.br\/index.php\/wp-json\/wp\/v2\/categories?post=26214"},{"taxonomy":"post_tag","embeddable":true,"href":"https:\/\/www.sincomam.org.br\/index.php\/wp-json\/wp\/v2\/tags?post=26214"}],"curies":[{"name":"wp","href":"https:\/\/api.w.org\/{rel}","templated":true}]}}