{"id":26212,"date":"2018-03-06T09:20:07","date_gmt":"2018-03-06T12:20:07","guid":{"rendered":"http:\/\/www.sincomam.org.br\/?p=26212"},"modified":"2018-03-06T09:27:33","modified_gmt":"2018-03-06T12:27:33","slug":"por-eleicao-ministros-ignoram-planalto","status":"publish","type":"post","link":"https:\/\/www.sincomam.org.br\/index.php\/por-eleicao-ministros-ignoram-planalto\/","title":{"rendered":"Por elei\u00e7\u00e3o, ministros ignoram Planalto"},"content":{"rendered":"<p>Ministros do governo Michel Temer t\u00eam ignorado a orienta\u00e7\u00e3o do Pal\u00e1cio do Planalto e negociam palanques regionais em favor de candidaturas de potenciais advers\u00e1rios do presidente nos Estados. A inten\u00e7\u00e3o de Temer \u00e9 aproveitar a reforma ministerial prevista para este m\u00eas para manter na Esplanada apenas partidos que fizerem parte do mesmo projeto eleitoral do MDB.<\/p>\n<p>Em ao menos quatro casos, por\u00e9m, as legendas n\u00e3o querem se comprometer com a vincula\u00e7\u00e3o e j\u00e1 negociam os substitutos de seus ministros, independentemente de apoiar ou n\u00e3o o projeto de Temer.<\/p>\n<p>No Paran\u00e1, por exemplo, o ministro da Sa\u00fade, Ricardo Barros (PP), comanda articula\u00e7\u00e3o de chapa estadual que dar\u00e1 palanque presidencial ao governador de S\u00e3o Paulo, Geraldo Alckmin (PSDB). L\u00e1, o PP deve lan\u00e7ar ao governo a atual vice-governadora, Cida Borghetti, mulher de Barros. Ela deve assumir o governo em abril, quando o governador, Beto Richa (PSDB), renunciar\u00e1 ao cargo para concorrer como candidato ao Senado na chapa de Cida.<\/p>\n<div class=\"2TAyrWxs\">\n<div id=\"admateria2\" data-google-query-id=\"CPGQg6_W19kCFYchhwodvK4B3A\">\n<p>Mesmo com negocia\u00e7\u00e3o de Barros em favor dos tucanos, o PP j\u00e1 negocia o nome de um substituto para o ministro, que deixar\u00e1 o cargo em 7 de abril para disputar a reelei\u00e7\u00e3o na C\u00e2mara. Um dos cotados \u00e9 Jo\u00e3o Le\u00e3o, vice-governador da Bahia na gest\u00e3o do petista Rui Costa.<\/p>\n<p>Em Alagoas, o ministro do Turismo, deputado licenciado Marx Beltr\u00e3o (MDB), negocia vaga ao Senado na chapa majorit\u00e1ria encabe\u00e7ada pelo governador Renan Filho e pelo senador Renan Calheiros. Embora filiados ao MDB, ambos tentar\u00e3o a reelei\u00e7\u00e3o defendendo, no plano nacional, uma eventual candidatura do ex-presidente Luiz In\u00e1cio Lula da Silva.<\/p>\n<p>O ministro da Ci\u00eancia, Tecnologia, Inova\u00e7\u00f5es e Comunica\u00e7\u00f5es, Gilberto Kassab (PSD), \u00e9 outro que tem atuado em desacordo com os interesses eleitorais de Temer. Kassab j\u00e1 deu declara\u00e7\u00f5es p\u00fablicas de que praticamente selou acordo com o PSDB em S\u00e3o Paulo, onde o MDB ainda estuda se lan\u00e7a Paulo Skaf como candidato a governador. Pelo acordo, o PSD indicar\u00e1 o candidato a vice-governador na chapa encabe\u00e7ada por um tucano e, em troca, se compromete a apoiar Alckmin no plano nacional.<\/p>\n<p>\u201cO PSD tem como premissa que o presidente Michel Temer n\u00e3o ser\u00e1 candidato, pois \u00e9 evidente que, sua candidatura existindo, seu nome seria imediatamente inclu\u00eddo nas discuss\u00f5es do partido\u201d, desconversou Kassab, que quer indicar o secret\u00e1rio executivo da pasta, Elton Santa F\u00e9 Zacarias, como seu substituto no comando do minist\u00e9rio. Homem de confian\u00e7a de Kassab h\u00e1 anos, Zacarias tamb\u00e9m \u00e9 filiado ao PSD.<\/p>\n<p><b>Op\u00e7\u00f5es<\/b><\/p>\n<p>O PRB, que quer manter o comando do Minist\u00e9rio da Ind\u00fastria, Com\u00e9rcio Exterior e Servi\u00e7os ap\u00f3s a reforma ministerial, tamb\u00e9m tem negociado com presidenci\u00e1veis n\u00e3o alinhados ao Pal\u00e1cio do Planalto.<\/p>\n<div class=\"5NiMLEiX\">\n<div id=\"admateria4\">O presidente da legenda, Marcos Pereira, disse que conversa com o presidente da C\u00e2mara, deputado Rodrigo Maia (DEM-RJ), Alckmin e o senador \u00c1lvaro Dias (Podemos-PR). Como mostrou o Estad\u00e3o\/Broadcast, o Podemos ofereceu a vaga de candidato a vice-presidente na chapa de \u00c1lvaro Dias, que atua como oposi\u00e7\u00e3o ao governo Temer.<\/div>\n<\/div>\n<p>Ministro da Secretaria-Geral da Presid\u00eancia, Moreira Franco afirmou que Temer avisou aos partidos sobre a vincula\u00e7\u00e3o na reforma ministerial e que quem n\u00e3o seguir a orienta\u00e7\u00e3o n\u00e3o ter\u00e1 a garantia de que manter\u00e1 o espa\u00e7o que tem no governo.<\/p>\n<p>\u201cA regra j\u00e1 foi anunciada\u201d, disse o ministro. Procurado, o ministro do Turismo disse, via assessoria, que est\u00e1 concentrado no trabalho na pasta e que s\u00f3 vai tratar de assuntos eleitorais no \u201ctempo adequado\u201d. Barros e Pereira n\u00e3o se pronunciaram. <\/p>\n<p>As informa\u00e7\u00f5es s\u00e3o do jornal<span>\u00a0<\/span><b>O Estado de S. Paulo<\/b><\/p>\n<\/div>\n<\/div>\n","protected":false},"excerpt":{"rendered":"<p>Ministros do governo Michel Temer t\u00eam ignorado a orienta\u00e7\u00e3o do Pal\u00e1cio do Planalto e negociam palanques regionais em favor de candidaturas de potenciais advers\u00e1rios do&#8230;<\/p>\n","protected":false},"author":1182,"featured_media":18070,"comment_status":"closed","ping_status":"closed","sticky":false,"template":"","format":"standard","meta":{"footnotes":""},"categories":[6],"tags":[],"class_list":["post-26212","post","type-post","status-publish","format-standard","has-post-thumbnail","hentry","category-noticias"],"_links":{"self":[{"href":"https:\/\/www.sincomam.org.br\/index.php\/wp-json\/wp\/v2\/posts\/26212","targetHints":{"allow":["GET"]}}],"collection":[{"href":"https:\/\/www.sincomam.org.br\/index.php\/wp-json\/wp\/v2\/posts"}],"about":[{"href":"https:\/\/www.sincomam.org.br\/index.php\/wp-json\/wp\/v2\/types\/post"}],"author":[{"embeddable":true,"href":"https:\/\/www.sincomam.org.br\/index.php\/wp-json\/wp\/v2\/users\/1182"}],"replies":[{"embeddable":true,"href":"https:\/\/www.sincomam.org.br\/index.php\/wp-json\/wp\/v2\/comments?post=26212"}],"version-history":[{"count":1,"href":"https:\/\/www.sincomam.org.br\/index.php\/wp-json\/wp\/v2\/posts\/26212\/revisions"}],"predecessor-version":[{"id":26213,"href":"https:\/\/www.sincomam.org.br\/index.php\/wp-json\/wp\/v2\/posts\/26212\/revisions\/26213"}],"wp:featuredmedia":[{"embeddable":true,"href":"https:\/\/www.sincomam.org.br\/index.php\/wp-json\/wp\/v2\/media\/18070"}],"wp:attachment":[{"href":"https:\/\/www.sincomam.org.br\/index.php\/wp-json\/wp\/v2\/media?parent=26212"}],"wp:term":[{"taxonomy":"category","embeddable":true,"href":"https:\/\/www.sincomam.org.br\/index.php\/wp-json\/wp\/v2\/categories?post=26212"},{"taxonomy":"post_tag","embeddable":true,"href":"https:\/\/www.sincomam.org.br\/index.php\/wp-json\/wp\/v2\/tags?post=26212"}],"curies":[{"name":"wp","href":"https:\/\/api.w.org\/{rel}","templated":true}]}}