{"id":26197,"date":"2018-03-05T00:35:45","date_gmt":"2018-03-05T03:35:45","guid":{"rendered":"http:\/\/www.sincomam.org.br\/?p=26197"},"modified":"2018-03-02T09:36:51","modified_gmt":"2018-03-02T12:36:51","slug":"pais-abre-778-mil-vagas-formais-em-janeiro-melhor-resultado-desde-2012","status":"publish","type":"post","link":"https:\/\/www.sincomam.org.br\/index.php\/pais-abre-778-mil-vagas-formais-em-janeiro-melhor-resultado-desde-2012\/","title":{"rendered":"Pa\u00eds abre 77,8 mil vagas formais em janeiro, melhor resultado desde 2012"},"content":{"rendered":"<p>Depois de tr\u00eas anos seguidos com as demiss\u00f5es superando as contrata\u00e7\u00f5es em janeiro, o Pa\u00eds come\u00e7ou 2018 com gera\u00e7\u00e3o de vagas formais de trabalho. Segundo dados obtidos pelo Estad\u00e3o\/Broadcast, o Cadastro Geral de Empregados e Desempregados (Caged) de janeiro, que ser\u00e1 anunciado hoje pelo Minist\u00e9rio do Trabalho, deve mostrar a cria\u00e7\u00e3o de 77,8 mil novas vagas, o melhor resultado para o per\u00edodo desde 2012.<\/p>\n<p>Com esse resultado, o saldo do Caged em 12 meses ficou positivo ap\u00f3s tr\u00eas anos de fechamento l\u00edquido de postos com carteira de trabalho. S\u00e3o 83,5 mil vagas geradas entre fevereiro de 2017 e janeiro deste ano.<\/p>\n<p>Durante a recess\u00e3o, entre 2015 e 2016, o Pa\u00eds eliminou mais de 3,5 milh\u00f5es de vagas formais. No ano passado, o mercado de trabalho melhorou, mas n\u00e3o escapou de um resultado negativo de 20,8 mil postos fechados.<\/p>\n<div class=\"WrvFFpcX\">\n<div id=\"admateria2\" data-google-query-id=\"CKmHiN_SzdkCFcojhwodZGYIxw\">\n<p>Para este ano, o ministro da Fazenda, Henrique Meirelles, tem dito que espera uma gera\u00e7\u00e3o de vagas formais superior a 2 milh\u00f5es. A melhora do emprego tem ganhado destaque no discurso do governo, depois do engavetamento da reforma da Previd\u00eancia.<\/p>\n<p>Setores. A ind\u00fastria de transforma\u00e7\u00e3o e os servi\u00e7os lideraram as contrata\u00e7\u00f5es no m\u00eas de janeiro. Juntos, esses dois setores abriram 96 mil novos postos de trabalho com carteira assinada no primeiro m\u00eas do ano.<\/p>\n<p>A agricultura, que costuma ter admiss\u00f5es nesse per\u00edodo de safra, registrou contrata\u00e7\u00e3o l\u00edquida de 15,6 mil. Boa parte das vagas foi gerada no cultivo de soja.<\/p>\n<p>A constru\u00e7\u00e3o civil, um dos setores mais devastados pela crise, tamb\u00e9m come\u00e7ou 2018 com contrata\u00e7\u00f5es, principalmente no segmento de constru\u00e7\u00e3o de edif\u00edcios. O saldo da atividade ficou positivo em quase 15 mil postos.<\/p>\n<p>O resultado final acabou sendo afetado pelas demiss\u00f5es no com\u00e9rcio que, nesse per\u00edodo, costuma fazer ajustes, ap\u00f3s as vendas de fim de ano. A atividade fechou pouco mais de 48 mil postos com carteira.<\/p>\n<p>Do ponto de vista regional, o Estado de S\u00e3o Paulo liderou as contrata\u00e7\u00f5es, com mais de 20 mil novas vagas. J\u00e1 o Rio de Janeiro, que vive uma crise na seguran\u00e7a p\u00fablica e tem a \u00e1rea sob interven\u00e7\u00e3o federal, foi o que mais fechou postos de trabalho com carteira: quase 10 mil.<\/p>\n<p>Fonte: Isto \u00c9 Dinheiro<\/p>\n<\/div>\n<\/div>\n","protected":false},"excerpt":{"rendered":"<p>Depois de tr\u00eas anos seguidos com as demiss\u00f5es superando as contrata\u00e7\u00f5es em janeiro, o Pa\u00eds come\u00e7ou 2018 com gera\u00e7\u00e3o de vagas formais de trabalho. Segundo&#8230;<\/p>\n","protected":false},"author":1182,"featured_media":10201,"comment_status":"closed","ping_status":"closed","sticky":false,"template":"","format":"standard","meta":{"footnotes":""},"categories":[6],"tags":[],"class_list":["post-26197","post","type-post","status-publish","format-standard","has-post-thumbnail","hentry","category-noticias"],"_links":{"self":[{"href":"https:\/\/www.sincomam.org.br\/index.php\/wp-json\/wp\/v2\/posts\/26197","targetHints":{"allow":["GET"]}}],"collection":[{"href":"https:\/\/www.sincomam.org.br\/index.php\/wp-json\/wp\/v2\/posts"}],"about":[{"href":"https:\/\/www.sincomam.org.br\/index.php\/wp-json\/wp\/v2\/types\/post"}],"author":[{"embeddable":true,"href":"https:\/\/www.sincomam.org.br\/index.php\/wp-json\/wp\/v2\/users\/1182"}],"replies":[{"embeddable":true,"href":"https:\/\/www.sincomam.org.br\/index.php\/wp-json\/wp\/v2\/comments?post=26197"}],"version-history":[{"count":1,"href":"https:\/\/www.sincomam.org.br\/index.php\/wp-json\/wp\/v2\/posts\/26197\/revisions"}],"predecessor-version":[{"id":26198,"href":"https:\/\/www.sincomam.org.br\/index.php\/wp-json\/wp\/v2\/posts\/26197\/revisions\/26198"}],"wp:featuredmedia":[{"embeddable":true,"href":"https:\/\/www.sincomam.org.br\/index.php\/wp-json\/wp\/v2\/media\/10201"}],"wp:attachment":[{"href":"https:\/\/www.sincomam.org.br\/index.php\/wp-json\/wp\/v2\/media?parent=26197"}],"wp:term":[{"taxonomy":"category","embeddable":true,"href":"https:\/\/www.sincomam.org.br\/index.php\/wp-json\/wp\/v2\/categories?post=26197"},{"taxonomy":"post_tag","embeddable":true,"href":"https:\/\/www.sincomam.org.br\/index.php\/wp-json\/wp\/v2\/tags?post=26197"}],"curies":[{"name":"wp","href":"https:\/\/api.w.org\/{rel}","templated":true}]}}