{"id":26195,"date":"2018-03-05T00:34:45","date_gmt":"2018-03-05T03:34:45","guid":{"rendered":"http:\/\/www.sincomam.org.br\/?p=26195"},"modified":"2018-03-02T09:35:36","modified_gmt":"2018-03-02T12:35:36","slug":"plano-para-aumentar-exportacao-de-frutas-e-assinado-por-blairo-maggi","status":"publish","type":"post","link":"https:\/\/www.sincomam.org.br\/index.php\/plano-para-aumentar-exportacao-de-frutas-e-assinado-por-blairo-maggi\/","title":{"rendered":"Plano para aumentar exporta\u00e7\u00e3o de frutas \u00e9 assinado por Blairo Maggi"},"content":{"rendered":"<p>O ministro da Agricultura, Blairo Maggi, lan\u00e7ou ontem o Plano Nacional do Desenvolvimento da Fruticultura (PNDF) em parceria com entidades do setor privado com o objetivo de melhorar a qualidade, aumentar a produ\u00e7\u00e3o, o consumo interno e as exporta\u00e7\u00f5es de frutas.<\/p>\n<p>O ministro disse que o plano contribuir\u00e1 para que o Brasil exporte mais e destacou caracter\u00edsticas do segmento, em que \u201co trabalho \u00e9 intenso e apaixonado, praticamente sem uso de mecaniza\u00e7\u00e3o\u201d.<\/p>\n<p>Durante o lan\u00e7amento, antecipado pelo Valor, Maggi assinou portaria criando Comit\u00ea Consultivo para formula\u00e7\u00e3o de projetos para o setor, que ser\u00e1 coordenado pelo Mapa e formado por quatro membros da iniciativa privada.<\/p>\n<p>As exporta\u00e7\u00f5es brasileiras de frutas frescas t\u00eam potencial para crescer. Ap\u00f3s o recorde de US$ 1 bilh\u00e3o em 2008, o setor n\u00e3o repetiu mais essa performance, que Luiz Roberto Barcelos, presidente da Associa\u00e7\u00e3o Brasileira dos Produtores Exportadores de Frutas e Derivados (Abrafrutas), espera alcan\u00e7ar novamente neste ou no pr\u00f3ximo ano.<\/p>\n<p>\u201cO plano \u00e9 extenso, abrangendo desde nova regras para o licenciamento de uso de produtos agroqu\u00edmicos at\u00e9 a padroniza\u00e7\u00e3o internacional dos certificados fitossanit\u00e1rios\u201d, explicou o ministro, acrescentando que a finalidade \u00e9 o maior desenvolvimento do setor.<\/p>\n<p>Com o PNDF, a meta \u00e9 melhorar o cen\u00e1rio da cadeia produtiva da fruticultura, que contribui com R$ 33 bilh\u00f5es para o valor bruto da produ\u00e7\u00e3o agr\u00edcola. E aumentar sua participa\u00e7\u00e3o na cadeia produtiva do agroneg\u00f3cio brasileiro &#8211; respons\u00e1vel por cerca de um quarto do Produto Interno Bruto (PIB) e ao equivalente a quase 50% das exporta\u00e7\u00f5es nacionais.<\/p>\n<p>Dois milh\u00f5es de hectares de norte a sul do pa\u00eds s\u00e3o cultivados com esp\u00e9cies de frutas temperadas e tropicais, produzindo 44 milh\u00f5es de toneladas ao longo de todo o ano e empregando 5 milh\u00f5es de pessoas, 16% do total das vagas do agroneg\u00f3cio. \u201cA cada hectare plantado s\u00e3o gerados pelo menos dois empregos&#8221;, segundo Barcelos.<\/p>\n<p>O mercado internacional de frutas frescas tem potencial para crescer. Apesar de ser o terceiro maior produtor de frutas, o Brasil figura no 23\u00ba lugar entre os pa\u00edses maiores exportadores desses produtos. As metas de longo prazo do PNDF, com data fixada at\u00e9 2028, incluem participar com R$ 60 bilh\u00f5es no mercado global de alimentos, aumentar o consumo interno de frutas para 70 quilos per capita ao ano e atingir US$ 2 bilh\u00f5es em exporta\u00e7\u00f5es de frutas frescas e derivados.<\/p>\n<p>Apenas cinco produtos concentram cerca de 75% das exporta\u00e7\u00f5es brasileiras de frutas frescas, quando considerado o per\u00edodo de 2014 a 2016: mangas, castanhas, mel\u00f5es, lim\u00f5es e uvas. Com exce\u00e7\u00e3o das uvas, os produtos exportados pelo Brasil n\u00e3o representam os preferidos do mercado. A participa\u00e7\u00e3o do Brasil ainda \u00e9 pouco significativa no com\u00e9rcio das frutas mais comercializadas no mundo: bananas, ma\u00e7\u00e3s, laranjas (in natura), tangerinas, am\u00eandoas e peras.<\/p>\n<p>O secret\u00e1rio executivo do Mapa, Eumar Novacki, destacou o interesse em transformar a fruticultura em uma pot\u00eancia nas exporta\u00e7\u00f5es brasileiras e anunciou que outros planos para diferentes segmentos do agroneg\u00f3cio est\u00e3o em andamento, como do feij\u00e3o, do leite e o de bovinos. \u201cEste plano servir\u00e1 de refer\u00eancia para os pr\u00f3ximos\u201d, afirmou.<\/p>\n<p>Os projetos espec\u00edficos do Comit\u00ea Consultivo, recomendando a\u00e7\u00f5es de curto, m\u00e9dio e longo prazos para ado\u00e7\u00e3o de provid\u00eancias por institui\u00e7\u00f5es governamentais e setor privado ser\u00e3o definidos a partir de 10 \u00e1reas tem\u00e1ticas: Governan\u00e7a da Cadeia; Pesquisa, Desenvolvimento e Inova\u00e7\u00e3o; Sistemas de Produ\u00e7\u00e3o; Defesa Vegetal; Gest\u00e3o da Qualidade; Cr\u00e9dito e Sistemas de Mitiga\u00e7\u00e3o de Riscos; Legisla\u00e7\u00e3o; Infraestrutura e Log\u00edstica; Processamento e Industrializa\u00e7\u00e3o; e Marketing.<\/p>\n<p>Fonte: Valor<\/p>\n","protected":false},"excerpt":{"rendered":"<p>O ministro da Agricultura, Blairo Maggi, lan\u00e7ou ontem o Plano Nacional do Desenvolvimento da Fruticultura (PNDF) em parceria com entidades do setor privado com o&#8230;<\/p>\n","protected":false},"author":1182,"featured_media":17794,"comment_status":"closed","ping_status":"closed","sticky":false,"template":"","format":"standard","meta":{"footnotes":""},"categories":[6],"tags":[],"class_list":["post-26195","post","type-post","status-publish","format-standard","has-post-thumbnail","hentry","category-noticias"],"_links":{"self":[{"href":"https:\/\/www.sincomam.org.br\/index.php\/wp-json\/wp\/v2\/posts\/26195","targetHints":{"allow":["GET"]}}],"collection":[{"href":"https:\/\/www.sincomam.org.br\/index.php\/wp-json\/wp\/v2\/posts"}],"about":[{"href":"https:\/\/www.sincomam.org.br\/index.php\/wp-json\/wp\/v2\/types\/post"}],"author":[{"embeddable":true,"href":"https:\/\/www.sincomam.org.br\/index.php\/wp-json\/wp\/v2\/users\/1182"}],"replies":[{"embeddable":true,"href":"https:\/\/www.sincomam.org.br\/index.php\/wp-json\/wp\/v2\/comments?post=26195"}],"version-history":[{"count":1,"href":"https:\/\/www.sincomam.org.br\/index.php\/wp-json\/wp\/v2\/posts\/26195\/revisions"}],"predecessor-version":[{"id":26196,"href":"https:\/\/www.sincomam.org.br\/index.php\/wp-json\/wp\/v2\/posts\/26195\/revisions\/26196"}],"wp:featuredmedia":[{"embeddable":true,"href":"https:\/\/www.sincomam.org.br\/index.php\/wp-json\/wp\/v2\/media\/17794"}],"wp:attachment":[{"href":"https:\/\/www.sincomam.org.br\/index.php\/wp-json\/wp\/v2\/media?parent=26195"}],"wp:term":[{"taxonomy":"category","embeddable":true,"href":"https:\/\/www.sincomam.org.br\/index.php\/wp-json\/wp\/v2\/categories?post=26195"},{"taxonomy":"post_tag","embeddable":true,"href":"https:\/\/www.sincomam.org.br\/index.php\/wp-json\/wp\/v2\/tags?post=26195"}],"curies":[{"name":"wp","href":"https:\/\/api.w.org\/{rel}","templated":true}]}}