{"id":26189,"date":"2018-03-02T09:32:14","date_gmt":"2018-03-02T12:32:14","guid":{"rendered":"http:\/\/www.sincomam.org.br\/?p=26189"},"modified":"2018-03-02T09:32:14","modified_gmt":"2018-03-02T12:32:14","slug":"ocde-projeta-crescimento-de-22-para-a-economia-do-brasil-em-2018","status":"publish","type":"post","link":"https:\/\/www.sincomam.org.br\/index.php\/ocde-projeta-crescimento-de-22-para-a-economia-do-brasil-em-2018\/","title":{"rendered":"OCDE projeta crescimento de 2,2% para a economia do Brasil em 2018"},"content":{"rendered":"<p>A Organiza\u00e7\u00e3o para a Coopera\u00e7\u00e3o e o Desenvolvimento Econ\u00f4mico (OCDE) projeta que a economia brasileira crescer\u00e1 2,2% em 2018 e 2,4% em 2019. Os dados constam do documento &#8220;Relat\u00f3rios Econ\u00f4micos OCDE: Brasil 2018&#8221;, divulgado nesta quarta-feira, 28, pela entidade. O secret\u00e1rio-geral da institui\u00e7\u00e3o, Angel Gurr\u00eda, o ministro da Fazenda, Henrique Meirelles, e o presidente do Banco Central, Ilan Goldfajn, detalham o estudo hoje em Bras\u00edlia.<\/p>\n<p>O documento avalia que a retomada do crescimento foi iniciada em 2017, ap\u00f3s oito trimestres consecutivos de queda. &#8220;Espera-se que o crescimento fique mais forte em 2018 e 2019&#8221;, aponta o relat\u00f3rio. &#8220;Pressupondo a implanta\u00e7\u00e3o de uma parte substancial dos atuais projetos de reforma, a confian\u00e7a e as condi\u00e7\u00f5es de cr\u00e9dito facilitadas dar\u00e3o apoio ao investimento.&#8221;<\/p>\n<p>As proje\u00e7\u00f5es da entidade para os investimentos s\u00e3o de 2,5% este ano, ap\u00f3s registrar 2,5% negativos em 2017, e de 2,7% no ano que vem. O consumo privado deve avan\u00e7ar 3% neste ano e 2,5% no ano que vem e a taxa de desemprego deve recuar dos 12,7% em 2017 para 11,2% em 2018 e 9,4% em 2019.<\/p>\n<p>Essas proje\u00e7\u00f5es, no entanto, correm o risco de n\u00e3o se concretizarem se n\u00e3o forem seguidas \u00e0 risca medidas na \u00e1rea fiscal. &#8220;Se o novo teto de gastos n\u00e3o for seguido, uma din\u00e2mica fiscal insustent\u00e1vel poderia reduzir a confian\u00e7a e disparar a volta da recess\u00e3o&#8221;, alerta.<\/p>\n<p>O documento alerta tamb\u00e9m para as dificuldades de manuten\u00e7\u00e3o do crescimento sem a reforma da Previd\u00eancia, &#8220;sem a qual a regra de gastos n\u00e3o ser\u00e1 cumprida no m\u00e9dio prazo&#8221;. &#8220;Ser\u00e1 a prova dos nove para a capacidade das autoridades de implantar mais reformas estruturais.&#8221;<\/p>\n<p>Fonte: Estad\u00e3o<\/p>\n<div class=\"jwDisqusForm\"><\/div>\n","protected":false},"excerpt":{"rendered":"<p>A Organiza\u00e7\u00e3o para a Coopera\u00e7\u00e3o e o Desenvolvimento Econ\u00f4mico (OCDE) projeta que a economia brasileira crescer\u00e1 2,2% em 2018 e 2,4% em 2019. Os dados&#8230;<\/p>\n","protected":false},"author":1182,"featured_media":19106,"comment_status":"closed","ping_status":"closed","sticky":false,"template":"","format":"standard","meta":{"footnotes":""},"categories":[6],"tags":[],"class_list":["post-26189","post","type-post","status-publish","format-standard","has-post-thumbnail","hentry","category-noticias"],"_links":{"self":[{"href":"https:\/\/www.sincomam.org.br\/index.php\/wp-json\/wp\/v2\/posts\/26189","targetHints":{"allow":["GET"]}}],"collection":[{"href":"https:\/\/www.sincomam.org.br\/index.php\/wp-json\/wp\/v2\/posts"}],"about":[{"href":"https:\/\/www.sincomam.org.br\/index.php\/wp-json\/wp\/v2\/types\/post"}],"author":[{"embeddable":true,"href":"https:\/\/www.sincomam.org.br\/index.php\/wp-json\/wp\/v2\/users\/1182"}],"replies":[{"embeddable":true,"href":"https:\/\/www.sincomam.org.br\/index.php\/wp-json\/wp\/v2\/comments?post=26189"}],"version-history":[{"count":1,"href":"https:\/\/www.sincomam.org.br\/index.php\/wp-json\/wp\/v2\/posts\/26189\/revisions"}],"predecessor-version":[{"id":26190,"href":"https:\/\/www.sincomam.org.br\/index.php\/wp-json\/wp\/v2\/posts\/26189\/revisions\/26190"}],"wp:featuredmedia":[{"embeddable":true,"href":"https:\/\/www.sincomam.org.br\/index.php\/wp-json\/wp\/v2\/media\/19106"}],"wp:attachment":[{"href":"https:\/\/www.sincomam.org.br\/index.php\/wp-json\/wp\/v2\/media?parent=26189"}],"wp:term":[{"taxonomy":"category","embeddable":true,"href":"https:\/\/www.sincomam.org.br\/index.php\/wp-json\/wp\/v2\/categories?post=26189"},{"taxonomy":"post_tag","embeddable":true,"href":"https:\/\/www.sincomam.org.br\/index.php\/wp-json\/wp\/v2\/tags?post=26189"}],"curies":[{"name":"wp","href":"https:\/\/api.w.org\/{rel}","templated":true}]}}