{"id":26180,"date":"2018-03-01T00:22:01","date_gmt":"2018-03-01T03:22:01","guid":{"rendered":"http:\/\/www.sincomam.org.br\/?p=26180"},"modified":"2018-03-01T09:23:15","modified_gmt":"2018-03-01T12:23:15","slug":"rio-ja-tem-47-mortes-confirmadas-por-febre-amarela","status":"publish","type":"post","link":"https:\/\/www.sincomam.org.br\/index.php\/rio-ja-tem-47-mortes-confirmadas-por-febre-amarela\/","title":{"rendered":"Rio j\u00e1 tem 47 mortes confirmadas por febre amarela"},"content":{"rendered":"<p>A Secretaria Estadual de Sa\u00fade do Rio de Janeiro confirmou ontem (28) novas mortes por febre amarela no estado. O Rio j\u00e1 soma 47 mortes e 103 casos confirmados da doen\u00e7a, em 21 munic\u00edpios de v\u00e1rias regi\u00f5es.<\/p>\n<p>O maior n\u00famero de mortes foi registrado em Angra dos Reis, que soma 11, de um total de 21 casos. Em Teres\u00f3polis e Valen\u00e7a, foram seis mortes em cada munic\u00edpio. Em Nova Friburgo e Cantagalo, foram tr\u00eas mortes (cada).<\/p>\n<p>Quatro munic\u00edpios registraram duas mortes: Rio das Flores, Sumidouro, Engenheiro Paulo de Frontin e Trajano de Moraes. Tamb\u00e9m tiveram mortes as cidades de Miguel Pereira, Duas Barras, Vassouras, Para\u00edba do Sul, Carmo, Maric\u00e1, Mangaratiba, Pira\u00ed, Cachoeiras de Macacu e Rio Claro. Em dois lugares houve casos registrados, mas n\u00e3o mortes: Petr\u00f3polis e Paty do Alferes.<\/p>\n<div class=\"1J0ABgvY\">\n<p>A Secretaria de Sa\u00fade ainda confirmou mortes de macacos com febre amarela nos munic\u00edpios de Niter\u00f3i, Barra Mansa, Angra, Valen\u00e7a, Miguel Pereira, Volta Redonda, Duas Barras, Paraty, Engenheiro Paulo de Frontin, Araruama e Serop\u00e9dica. A Secretaria ressalta que os macacos n\u00e3o s\u00e3o respons\u00e1veis pela transmiss\u00e3o da febre amarela. A doen\u00e7a \u00e9 transmitida por meio da picada de mosquitos.<\/p>\n<\/div>\n","protected":false},"excerpt":{"rendered":"<p>A Secretaria Estadual de Sa\u00fade do Rio de Janeiro confirmou ontem (28) novas mortes por febre amarela no estado. O Rio j\u00e1 soma 47 mortes&#8230;<\/p>\n","protected":false},"author":1182,"featured_media":20354,"comment_status":"closed","ping_status":"closed","sticky":false,"template":"","format":"standard","meta":{"footnotes":""},"categories":[6],"tags":[],"class_list":["post-26180","post","type-post","status-publish","format-standard","has-post-thumbnail","hentry","category-noticias"],"_links":{"self":[{"href":"https:\/\/www.sincomam.org.br\/index.php\/wp-json\/wp\/v2\/posts\/26180","targetHints":{"allow":["GET"]}}],"collection":[{"href":"https:\/\/www.sincomam.org.br\/index.php\/wp-json\/wp\/v2\/posts"}],"about":[{"href":"https:\/\/www.sincomam.org.br\/index.php\/wp-json\/wp\/v2\/types\/post"}],"author":[{"embeddable":true,"href":"https:\/\/www.sincomam.org.br\/index.php\/wp-json\/wp\/v2\/users\/1182"}],"replies":[{"embeddable":true,"href":"https:\/\/www.sincomam.org.br\/index.php\/wp-json\/wp\/v2\/comments?post=26180"}],"version-history":[{"count":1,"href":"https:\/\/www.sincomam.org.br\/index.php\/wp-json\/wp\/v2\/posts\/26180\/revisions"}],"predecessor-version":[{"id":26181,"href":"https:\/\/www.sincomam.org.br\/index.php\/wp-json\/wp\/v2\/posts\/26180\/revisions\/26181"}],"wp:featuredmedia":[{"embeddable":true,"href":"https:\/\/www.sincomam.org.br\/index.php\/wp-json\/wp\/v2\/media\/20354"}],"wp:attachment":[{"href":"https:\/\/www.sincomam.org.br\/index.php\/wp-json\/wp\/v2\/media?parent=26180"}],"wp:term":[{"taxonomy":"category","embeddable":true,"href":"https:\/\/www.sincomam.org.br\/index.php\/wp-json\/wp\/v2\/categories?post=26180"},{"taxonomy":"post_tag","embeddable":true,"href":"https:\/\/www.sincomam.org.br\/index.php\/wp-json\/wp\/v2\/tags?post=26180"}],"curies":[{"name":"wp","href":"https:\/\/api.w.org\/{rel}","templated":true}]}}