{"id":26178,"date":"2018-03-01T09:21:44","date_gmt":"2018-03-01T12:21:44","guid":{"rendered":"http:\/\/www.sincomam.org.br\/?p=26178"},"modified":"2018-03-01T09:21:44","modified_gmt":"2018-03-01T12:21:44","slug":"gilmar-mendes-e-barroso-batem-boca-mais-uma-vez","status":"publish","type":"post","link":"https:\/\/www.sincomam.org.br\/index.php\/gilmar-mendes-e-barroso-batem-boca-mais-uma-vez\/","title":{"rendered":"Gilmar Mendes e Barroso batem boca mais uma vez"},"content":{"rendered":"<p>Os ministros do Supremo Tribunal Federal Gilmar Mendes e Lu\u00eds Roberto Barroso protagonizaram nesta quarta-feira, 28, nova troca de acusa\u00e7\u00f5es p\u00fablicas. Desta vez, a discuss\u00e3o foi sobre a possibilidade de se investigar um presidente da Rep\u00fablica por fatos anteriores ao mandato e a demiss\u00e3o do delegado Fernando Segovia do cargo de diretor-geral da Pol\u00edcia Federal.<\/p>\n<p>Em entrevista ao blog da jornalista Andr\u00e9ia Sadi, da GloboNews, Gilmar fez cr\u00edticas ao colega de Supremo. \u201cO Barroso que n\u00e3o sabe o que \u00e9 alvar\u00e1 de soltura, fala pelos cotovelos. Antecipa julgamento. Fala da malinha de rodinha. Precisaria suspender a pr\u00f3pria l\u00edngua.\u201d<\/p>\n<p>Questionado pelo blog sobre as declara\u00e7\u00f5es de Gilmar, Barroso respondeu: \u201cN\u00e3o frequento pal\u00e1cios, n\u00e3o troco mensagens amistosas com r\u00e9us e n\u00e3o vivo para ofender as pessoas\u201d.<\/p>\n<p>Barroso \u00e9 relator do inqu\u00e9rito no Supremo que investiga se o presidente Michel Temer beneficiou uma empresa que atua no Porto de Santos com a edi\u00e7\u00e3o do Decreto dos Portos. O emedebista nega irregularidades envolvendo a medida.<\/p>\n<p>Quando ainda era diretor-geral da PF, Segovia se manifestou sobre a investiga\u00e7\u00e3o e foi intimado pelo relator a prestar esclarecimentos. Na ter\u00e7a-feira, 27, o delegado foi demitido do cargo pelo ministro da Seguran\u00e7a P\u00fablica, Raul Jungmann.<\/p>\n<p>\u201cJamais antecipei julgamento. Nem falo sobre pol\u00edtica. Sou um juiz independente, que quer ajudar a construir um Pa\u00eds melhor e maior. Acho que o Direito deve ser igual para ricos e para pobres, e n\u00e3o \u00e9 feito para proteger amigos e perseguir inimigos\u201d, afirmou Barroso em resposta ao colega de tribunal.<\/p>\n<div class=\"NpP7A2dH\">\n<p><strong>Ex-assessor<\/strong><\/p>\n<p>O termo \u201cmalinha\u201d citado por Gilmar foi refer\u00eancia ao epis\u00f3dio em que o ex-assessor da Presid\u00eancia e ex-deputado Rodrigo Rocha Loures (MDB-PR) foi filmado carregando uma mala com R$ 500 mil. Loures tamb\u00e9m \u00e9 alvo do inqu\u00e9rito contra Temer.<\/p>\n<p>Em dezembro passado, ao discutir com Gilmar no plen\u00e1rio do STF, Barroso afirmou que viu \u201ca mala de dinheiro\u201d. Antes, o colega havia dito que a investiga\u00e7\u00e3o contra o presidente era \u201cum grade caos\u201d. <\/p>\n<p>As informa\u00e7\u00f5es s\u00e3o do jornal\u00a0O Estado de S. Paulo.<\/p>\n<\/div>\n","protected":false},"excerpt":{"rendered":"<p>Os ministros do Supremo Tribunal Federal Gilmar Mendes e Lu\u00eds Roberto Barroso protagonizaram nesta quarta-feira, 28, nova troca de acusa\u00e7\u00f5es p\u00fablicas. Desta vez, a discuss\u00e3o&#8230;<\/p>\n","protected":false},"author":1182,"featured_media":19491,"comment_status":"closed","ping_status":"closed","sticky":false,"template":"","format":"standard","meta":{"footnotes":""},"categories":[6],"tags":[],"class_list":["post-26178","post","type-post","status-publish","format-standard","has-post-thumbnail","hentry","category-noticias"],"_links":{"self":[{"href":"https:\/\/www.sincomam.org.br\/index.php\/wp-json\/wp\/v2\/posts\/26178","targetHints":{"allow":["GET"]}}],"collection":[{"href":"https:\/\/www.sincomam.org.br\/index.php\/wp-json\/wp\/v2\/posts"}],"about":[{"href":"https:\/\/www.sincomam.org.br\/index.php\/wp-json\/wp\/v2\/types\/post"}],"author":[{"embeddable":true,"href":"https:\/\/www.sincomam.org.br\/index.php\/wp-json\/wp\/v2\/users\/1182"}],"replies":[{"embeddable":true,"href":"https:\/\/www.sincomam.org.br\/index.php\/wp-json\/wp\/v2\/comments?post=26178"}],"version-history":[{"count":1,"href":"https:\/\/www.sincomam.org.br\/index.php\/wp-json\/wp\/v2\/posts\/26178\/revisions"}],"predecessor-version":[{"id":26179,"href":"https:\/\/www.sincomam.org.br\/index.php\/wp-json\/wp\/v2\/posts\/26178\/revisions\/26179"}],"wp:featuredmedia":[{"embeddable":true,"href":"https:\/\/www.sincomam.org.br\/index.php\/wp-json\/wp\/v2\/media\/19491"}],"wp:attachment":[{"href":"https:\/\/www.sincomam.org.br\/index.php\/wp-json\/wp\/v2\/media?parent=26178"}],"wp:term":[{"taxonomy":"category","embeddable":true,"href":"https:\/\/www.sincomam.org.br\/index.php\/wp-json\/wp\/v2\/categories?post=26178"},{"taxonomy":"post_tag","embeddable":true,"href":"https:\/\/www.sincomam.org.br\/index.php\/wp-json\/wp\/v2\/tags?post=26178"}],"curies":[{"name":"wp","href":"https:\/\/api.w.org\/{rel}","templated":true}]}}