{"id":26161,"date":"2018-02-28T00:20:03","date_gmt":"2018-02-28T03:20:03","guid":{"rendered":"http:\/\/www.sincomam.org.br\/?p=26161"},"modified":"2018-02-27T18:53:50","modified_gmt":"2018-02-27T21:53:50","slug":"aposentados-da-codesp-definem-estrategia-para-conter-crise-no-portus","status":"publish","type":"post","link":"https:\/\/www.sincomam.org.br\/index.php\/aposentados-da-codesp-definem-estrategia-para-conter-crise-no-portus\/","title":{"rendered":"Aposentados da Codesp definem estrat\u00e9gia para conter crise no Portus"},"content":{"rendered":"<p>Os funcion\u00e1rios e os aposentados da Companhia Docas do Estado de S\u00e3o Paulo (Codesp, a Autoridade Portu\u00e1ria de Santos) definiram, na manh\u00e3 desta ter\u00e7a-feira (27), sua estrat\u00e9gia para conter a crise que assola o fundo de pens\u00e3o da categoria, o Portus.\u00a0<\/p>\n<p>Em assembleia na sede do Sindicato do Trabalhadores na Administra\u00e7\u00e3o Portu\u00e1ria (Sindaport), em Santos, os aposentados aprovaram as medidas que j\u00e1 contavam com o aval do pessoal da ativa.<\/p>\n<p>Entre as a\u00e7\u00f5es que ser\u00e3o implantadas est\u00e3o propor a suspens\u00e3o por, pelo menos, 90 dias dos novos percentuais de contribui\u00e7\u00e3o para o fundo de pens\u00e3o, e a realiza\u00e7\u00e3o de uma auditoria em suas contas.\u00a0<\/p>\n<p>Eles tamb\u00e9m v\u00e3o pedir um aporte de R$ 20 milh\u00f5es do Governo Federal, para sanar o d\u00e9ficit previsto para os pr\u00f3ximos 12 meses.<\/p>\n<p>As possibilidades de greve e de uma eventual ocupa\u00e7\u00e3o da sede da Codesp ainda existem. Dependendo das negocia\u00e7\u00f5es nas pr\u00f3ximas semanas, essas medidas ser\u00e3o debatidas em uma assembleia no pr\u00f3ximo dia 20 de mar\u00e7o. Se aprovadas, elas v\u00e3o ocorrer no dia 26.<\/p>\n<p>Em crise, o Portus, j\u00e1 sob interven\u00e7\u00e3o, planeja aumentar a contribui\u00e7\u00e3o do pessoal da ativa de 9% para 27,75% e o desconto j\u00e1 aplicado aos benef\u00edcios pagos aos aposentados de 10% para 28,77%. Essas corre\u00e7\u00f5es, elaboradas para sanar a crise financeira do fundo, j\u00e1 foram discutidos por sua atual gest\u00e3o com o Governo Federal, que as aprovou, e devem ser aplicadas a partir de\u00a0 1\u00ba de abril.<\/p>\n<p>Fonte: A Tribuna<\/p>\n","protected":false},"excerpt":{"rendered":"<p>Os funcion\u00e1rios e os aposentados da Companhia Docas do Estado de S\u00e3o Paulo (Codesp, a Autoridade Portu\u00e1ria de Santos) definiram, na manh\u00e3 desta ter\u00e7a-feira (27),&#8230;<\/p>\n","protected":false},"author":1182,"featured_media":17820,"comment_status":"closed","ping_status":"closed","sticky":false,"template":"","format":"standard","meta":{"footnotes":""},"categories":[6],"tags":[],"class_list":["post-26161","post","type-post","status-publish","format-standard","has-post-thumbnail","hentry","category-noticias"],"_links":{"self":[{"href":"https:\/\/www.sincomam.org.br\/index.php\/wp-json\/wp\/v2\/posts\/26161","targetHints":{"allow":["GET"]}}],"collection":[{"href":"https:\/\/www.sincomam.org.br\/index.php\/wp-json\/wp\/v2\/posts"}],"about":[{"href":"https:\/\/www.sincomam.org.br\/index.php\/wp-json\/wp\/v2\/types\/post"}],"author":[{"embeddable":true,"href":"https:\/\/www.sincomam.org.br\/index.php\/wp-json\/wp\/v2\/users\/1182"}],"replies":[{"embeddable":true,"href":"https:\/\/www.sincomam.org.br\/index.php\/wp-json\/wp\/v2\/comments?post=26161"}],"version-history":[{"count":1,"href":"https:\/\/www.sincomam.org.br\/index.php\/wp-json\/wp\/v2\/posts\/26161\/revisions"}],"predecessor-version":[{"id":26162,"href":"https:\/\/www.sincomam.org.br\/index.php\/wp-json\/wp\/v2\/posts\/26161\/revisions\/26162"}],"wp:featuredmedia":[{"embeddable":true,"href":"https:\/\/www.sincomam.org.br\/index.php\/wp-json\/wp\/v2\/media\/17820"}],"wp:attachment":[{"href":"https:\/\/www.sincomam.org.br\/index.php\/wp-json\/wp\/v2\/media?parent=26161"}],"wp:term":[{"taxonomy":"category","embeddable":true,"href":"https:\/\/www.sincomam.org.br\/index.php\/wp-json\/wp\/v2\/categories?post=26161"},{"taxonomy":"post_tag","embeddable":true,"href":"https:\/\/www.sincomam.org.br\/index.php\/wp-json\/wp\/v2\/tags?post=26161"}],"curies":[{"name":"wp","href":"https:\/\/api.w.org\/{rel}","templated":true}]}}