{"id":26137,"date":"2018-02-26T00:36:43","date_gmt":"2018-02-26T03:36:43","guid":{"rendered":"http:\/\/www.sincomam.org.br\/?p=26137"},"modified":"2018-02-25T21:40:42","modified_gmt":"2018-02-26T00:40:42","slug":"terminal-petroquimico-de-miramar-no-para-tera-tres-areas-leiloadas","status":"publish","type":"post","link":"https:\/\/www.sincomam.org.br\/index.php\/terminal-petroquimico-de-miramar-no-para-tera-tres-areas-leiloadas\/","title":{"rendered":"Terminal Petroqu\u00edmico de Miramar, no Par\u00e1 ter\u00e1 tr\u00eas \u00e1reas leiloadas"},"content":{"rendered":"<p>A Companhia Docas do Par\u00e1 (CDP), entidade vinculada ao Minist\u00e9rio dos Transportes, Portos e Avia\u00e7\u00e3o (MTPA), publicou no Di\u00e1rio Oficial da Uni\u00e3o, o edital para o leil\u00e3o da cess\u00e3o de uso de tr\u00eas \u00e1reas n\u00e3o afetas \u00e0s opera\u00e7\u00f5es portu\u00e1rias, destinadas \u00e0 armazenagem, envase e distribui\u00e7\u00e3o de g\u00e1s liquefeito de petr\u00f3leo, o GLP.<\/p>\n<p>Localizadas dentro do Terminal Petroqu\u00edmico de Miramar, no estado do Par\u00e1, as tr\u00eas \u00e1reas a serem leiloadas s\u00e3o a MIR 01, terminal greenfield ,com \u00e1rea total de 25.888 metros quadrados. A BEL 05, atualmente ocupada pela empresa Liquig\u00e1s Distribuidora S.A, com 33.888 metros quadrados e a BEL 06, terminal atualmente ocupada pela empresa Parag\u00e1s Distribuidora LTD, que det\u00e9m 32.256 metros quadrados.<\/p>\n<p>Para o secret\u00e1rio de Fomento e Parcerias, do minist\u00e9rio dos Transportes, Dino Antunes Batista, essa nova rodada de leil\u00e3o de terminais portu\u00e1rios mostra que o setor continua din\u00e2mico e que o Minist\u00e9rio est\u00e1 atento \u00e0s demandas regionais. \u201cNossa estrat\u00e9gia t\u00eam como vis\u00e3o garantir o abastecimento de g\u00e1s para a regi\u00e3o Paraense\u201d, explicou Antunes.<\/p>\n<p>O leil\u00e3o ser\u00e1 realizado no dia 6 de abril, na B3 \u2013 Brasil Bolsa Balc\u00e3o, nova denomi\u00e7\u00e3o da Bolsa de Valores de S\u00e3o Paulo.<\/p>\n<p>Fonte: Assessoria de Comunica\u00e7\u00e3o &#8211; Minist\u00e9rio dos Transportes, Portos e Avia\u00e7\u00e3o Civil<\/p>\n","protected":false},"excerpt":{"rendered":"<p>A Companhia Docas do Par\u00e1 (CDP), entidade vinculada ao Minist\u00e9rio dos Transportes, Portos e Avia\u00e7\u00e3o (MTPA), publicou no Di\u00e1rio Oficial da Uni\u00e3o, o edital para&#8230;<\/p>\n","protected":false},"author":1182,"featured_media":18713,"comment_status":"closed","ping_status":"closed","sticky":false,"template":"","format":"standard","meta":{"footnotes":""},"categories":[6],"tags":[],"class_list":["post-26137","post","type-post","status-publish","format-standard","has-post-thumbnail","hentry","category-noticias"],"_links":{"self":[{"href":"https:\/\/www.sincomam.org.br\/index.php\/wp-json\/wp\/v2\/posts\/26137","targetHints":{"allow":["GET"]}}],"collection":[{"href":"https:\/\/www.sincomam.org.br\/index.php\/wp-json\/wp\/v2\/posts"}],"about":[{"href":"https:\/\/www.sincomam.org.br\/index.php\/wp-json\/wp\/v2\/types\/post"}],"author":[{"embeddable":true,"href":"https:\/\/www.sincomam.org.br\/index.php\/wp-json\/wp\/v2\/users\/1182"}],"replies":[{"embeddable":true,"href":"https:\/\/www.sincomam.org.br\/index.php\/wp-json\/wp\/v2\/comments?post=26137"}],"version-history":[{"count":1,"href":"https:\/\/www.sincomam.org.br\/index.php\/wp-json\/wp\/v2\/posts\/26137\/revisions"}],"predecessor-version":[{"id":26138,"href":"https:\/\/www.sincomam.org.br\/index.php\/wp-json\/wp\/v2\/posts\/26137\/revisions\/26138"}],"wp:featuredmedia":[{"embeddable":true,"href":"https:\/\/www.sincomam.org.br\/index.php\/wp-json\/wp\/v2\/media\/18713"}],"wp:attachment":[{"href":"https:\/\/www.sincomam.org.br\/index.php\/wp-json\/wp\/v2\/media?parent=26137"}],"wp:term":[{"taxonomy":"category","embeddable":true,"href":"https:\/\/www.sincomam.org.br\/index.php\/wp-json\/wp\/v2\/categories?post=26137"},{"taxonomy":"post_tag","embeddable":true,"href":"https:\/\/www.sincomam.org.br\/index.php\/wp-json\/wp\/v2\/tags?post=26137"}],"curies":[{"name":"wp","href":"https:\/\/api.w.org\/{rel}","templated":true}]}}