{"id":26126,"date":"2018-02-26T00:19:26","date_gmt":"2018-02-26T03:19:26","guid":{"rendered":"http:\/\/www.sincomam.org.br\/?p=26126"},"modified":"2018-02-25T21:26:24","modified_gmt":"2018-02-26T00:26:24","slug":"26126","status":"publish","type":"post","link":"https:\/\/www.sincomam.org.br\/index.php\/26126\/","title":{"rendered":"O desespero de Marina Silva"},"content":{"rendered":"<p>A campanha presidencial ainda engatinha, mas a pr\u00e9-candidata da Rede, a ex-senadora Marina Silva, j\u00e1 enfrenta uma s\u00e9rie de intemp\u00e9ries na tentativa de viabilizar uma candidatura competitiva. Al\u00e9m do pouco tempo de propaganda no r\u00e1dio e na televis\u00e3o, estrutura partid\u00e1ria fr\u00e1gil e menos recursos para financiar a campanha (a Rede deve receber cerca de R$ 10,7 milh\u00f5es do fundo eleitoral \u2013 \u00e9 apenas o 22\u00ba valor entre os 35 partidos registrados no TSE), Marina Silva agora tem outra barreira para superar: a iminente desfilia\u00e7\u00e3o de dois deputados federais da Rede, Alessandro Molon (RJ) e Aliel Machado (PR), o que ir\u00e1 deix\u00e1-la de fora dos debates eleitorais na TV.<\/p>\n<div id=\"aep-placement-5a0da350e9141e0004b74e2b\" class=\" aep-inline aep-root aep-ads aep-design-5a0a04d51424300004e98f48\">\n<div id=\"istoe-inline-879x284\" adm-controller=\"Pushdown\">\n<div class=\"adm-header\"><span>De acordo com a nova regra aprovada no ano passado pelo Congresso durante a reforma eleitoral, o partido precisa ter ao menos cinco parlamentares para garantir a presen\u00e7a nos debates. Sem Molon e Aliel, a Rede ficaria com apenas tr\u00eas representantes: os deputados Miro Teixeira (RJ) e Jo\u00e3o Derly (RS) e o senador Randolfe Rodrigues (AP). Em entrevista ao jornal El Pa\u00eds, Marina at\u00e9 tentou abafar os aspectos capazes de prejudicar sua candidatura. \u201cEssa hist\u00f3ria de partido grande e partido pequeno, precisamos aprofundar melhor esse debate. Olha a situa\u00e7\u00e3o em que est\u00e1 o Brasil. Quem foi que levou o Brasil a essa situa\u00e7\u00e3o? Os partidos grandes! Logo, o tamanho do partido e da bancada n\u00e3o \u00e9 sin\u00f4nimo de bom governo, de boa gest\u00e3o p\u00fablica, ou de bom servi\u00e7o prestado ao cidad\u00e3o\u201d, afirmou. Marina pode at\u00e9 tentar minimizar, mas o problema \u00e9 concreto: sem capacidade de estrutura de campanha e sem participar dos debates, como Marina vender\u00e1 suas ideias ao eleitor?<br \/><\/span><br \/><strong><strong>Puxadinho do PT<br \/><\/strong><\/strong><\/p>\n<p>O destino de Molon e Aliel ser\u00e1 o PSB. Eles foram convidados pelo presidente nacional da legenda, Carlos Siqueira. H\u00e1 meses, a rela\u00e7\u00e3o de Molon com Marina Silva estava desgastada. Na avalia\u00e7\u00e3o da presidenci\u00e1vel, o perfil agressivo de Molon estaria ampliando a rejei\u00e7\u00e3o \u00e0 Rede entre setores da classe m\u00e9dia. Marina concluiu que essa faixa do eleitorado passou a identificar o partido como uma esp\u00e9cie de \u201cpuxadinho do PT\u201d, o que acabou por respingar em sua imagem e, consequentemente, na candidatura \u00e0 Presid\u00eancia. Um dos fatores que levaram os eleitores a vincular a Rede ao PT seria, justamente, a atua\u00e7\u00e3o parlamentar de Molon, que foi filiado ao partido de Lula por 18 anos e s\u00f3 saiu em setembro de 2015. Agora, Marina busca parlamentares de perfil mais moderado para alavancar a popularidade da Rede e, assim, conseguir se consolidar como uma candidata forte ao Pal\u00e1cio do Planalto.<\/p>\n<p>\u201cO povo \u00e9 maior que a montanha de dinheiro, o tempo de TV e o marqueteiro\u201d Marina Silva, pr\u00e9-candidata da Rede a Presid\u00eancia da Rep\u00fablica Com a inevit\u00e1vel desfilia\u00e7\u00e3o de Molon e Aliel, Marina deu in\u00edcio a uma verdadeira corrida contra o tempo para angariar mais parlamentares para o partido. Pelo menos dois pol\u00edticos j\u00e1 t\u00eam conversas avan\u00e7adas com a legenda. Se conseguir convenc\u00ea-los, Marina garantir\u00e1 a presen\u00e7a nos debates. Caso n\u00e3o obtenha sucesso, a Rede ficar\u00e1 de fora dos embates na televis\u00e3o, que seriam uma grande oportunidade para Marina expor seu programa de governo, j\u00e1 que ter\u00e1 poucos segundos na propaganda eleitoral gratuita. N\u00e3o \u00e0 toa, a pr\u00f3pria Marina tem conduzido reuni\u00f5es com parlamentares para conseguir novas filia\u00e7\u00f5es.<\/p>\n<p>As baixas na Rede acontecem justamente no momento em que a candidatura de Marina Silva apresentava melhores condi\u00e7\u00f5es para decolar. Com a sa\u00edda de Lula da disputa, em raz\u00e3o da condena\u00e7\u00e3o a 12 anos e um m\u00eas de pris\u00e3o em segunda inst\u00e2ncia na Lava Jato, as pesquisas apontam a ex-senadora como principal herdeira dos votos do petista. Sem o ex-presidente no p\u00e1reo, Marina alcan\u00e7aria 16% das inten\u00e7\u00f5es de voto e ficaria muito perto de uma vaga no segundo turno. Com Lula na corrida presidencial, o \u00edndice dela cai para 9%. Mas, para aproveitar o cen\u00e1rio favor\u00e1vel e n\u00e3o morrer na praia mais uma vez em uma disputa presidencial, Marina precisa de apoios e alian\u00e7as. A pr\u00e9-candidata aposta em sua trajet\u00f3ria de vida para conquistar o eleitorado. At\u00e9 agora, no entanto, a estrat\u00e9gia se revelou insuficiente na hora de al\u00e7ar voos mais altos.<\/p>\n<p>Fonte: Isto \u00c9 Dinheiro<\/p>\n<p><strong><\/p>\n<p><\/strong><\/div>\n<\/div>\n<\/div>\n","protected":false},"excerpt":{"rendered":"<p>A campanha presidencial ainda engatinha, mas a pr\u00e9-candidata da Rede, a ex-senadora Marina Silva, j\u00e1 enfrenta uma s\u00e9rie de intemp\u00e9ries na tentativa de viabilizar uma&#8230;<\/p>\n","protected":false},"author":1182,"featured_media":6757,"comment_status":"closed","ping_status":"closed","sticky":false,"template":"","format":"standard","meta":{"footnotes":""},"categories":[6],"tags":[],"class_list":["post-26126","post","type-post","status-publish","format-standard","has-post-thumbnail","hentry","category-noticias"],"_links":{"self":[{"href":"https:\/\/www.sincomam.org.br\/index.php\/wp-json\/wp\/v2\/posts\/26126","targetHints":{"allow":["GET"]}}],"collection":[{"href":"https:\/\/www.sincomam.org.br\/index.php\/wp-json\/wp\/v2\/posts"}],"about":[{"href":"https:\/\/www.sincomam.org.br\/index.php\/wp-json\/wp\/v2\/types\/post"}],"author":[{"embeddable":true,"href":"https:\/\/www.sincomam.org.br\/index.php\/wp-json\/wp\/v2\/users\/1182"}],"replies":[{"embeddable":true,"href":"https:\/\/www.sincomam.org.br\/index.php\/wp-json\/wp\/v2\/comments?post=26126"}],"version-history":[{"count":2,"href":"https:\/\/www.sincomam.org.br\/index.php\/wp-json\/wp\/v2\/posts\/26126\/revisions"}],"predecessor-version":[{"id":26128,"href":"https:\/\/www.sincomam.org.br\/index.php\/wp-json\/wp\/v2\/posts\/26126\/revisions\/26128"}],"wp:featuredmedia":[{"embeddable":true,"href":"https:\/\/www.sincomam.org.br\/index.php\/wp-json\/wp\/v2\/media\/6757"}],"wp:attachment":[{"href":"https:\/\/www.sincomam.org.br\/index.php\/wp-json\/wp\/v2\/media?parent=26126"}],"wp:term":[{"taxonomy":"category","embeddable":true,"href":"https:\/\/www.sincomam.org.br\/index.php\/wp-json\/wp\/v2\/categories?post=26126"},{"taxonomy":"post_tag","embeddable":true,"href":"https:\/\/www.sincomam.org.br\/index.php\/wp-json\/wp\/v2\/tags?post=26126"}],"curies":[{"name":"wp","href":"https:\/\/api.w.org\/{rel}","templated":true}]}}