{"id":26115,"date":"2018-02-23T09:18:25","date_gmt":"2018-02-23T12:18:25","guid":{"rendered":"http:\/\/www.sincomam.org.br\/?p=26115"},"modified":"2018-02-23T09:18:25","modified_gmt":"2018-02-23T12:18:25","slug":"meirelles-admite-disputar-presidencia-contra-temer","status":"publish","type":"post","link":"https:\/\/www.sincomam.org.br\/index.php\/meirelles-admite-disputar-presidencia-contra-temer\/","title":{"rendered":"Meirelles admite disputar Presid\u00eancia contra Temer"},"content":{"rendered":"<p>Um dia ap\u00f3s crescerem os rumores sobre uma eventual candidatura de Michel Temer a um segundo mandato, o ministro da Fazenda, Henrique Meirelles, admitiu nesta quinta-feira, 22, que pode disputar o Pal\u00e1cio do Planalto contra o presidente. Pela primeira vez, Meirelles afirmou que nem mesmo a entrada de Temer no p\u00e1reo inibiria sua inten\u00e7\u00e3o de concorrer \u00e0 elei\u00e7\u00e3o de outubro.<\/p>\n<p>\u201cSeria uma competi\u00e7\u00e3o\u201d, disse o ministro ao Estad\u00e3o\/Broadcast. \u201cEvidentemente, com mais candidatos fora dos dois extremos, a competi\u00e7\u00e3o seria maior\u201d, completou ele. Para Meirelles, a participa\u00e7\u00e3o de Temer \u201cn\u00e3o invalidaria\u201d sua candidatura, mas apenas elevaria as alternativas no centro pol\u00edtico.<\/p>\n<p>At\u00e9 agora, por\u00e9m, o titular da Fazenda enfrenta dificuldades para p\u00f4r seu projeto eleitoral de p\u00e9. O PSD, partido ao qual \u00e9 filiado, articula apoio ao governador de S\u00e3o Paulo, Geraldo Alckmin (PSDB). A negocia\u00e7\u00e3o inclui a vaga de vice na prov\u00e1vel chapa liderada pelo prefeito Jo\u00e3o Doria (PSDB) ao governo paulista. Nesse caso, o ministro de Ci\u00eancia, Tecnologia e Comunica\u00e7\u00f5es, Gilberto Kassab, chefe do PSD, refor\u00e7aria a dobradinha com Doria.<\/p>\n<div class=\"fkGGGF3v\">\n<div id=\"admateria2\" data-google-query-id=\"CLDWxPOBvNkCFcxHhgodQEEBaA\">\n<p>Diante do \u201cabandono\u201d do PSD, Meirelles passou a conversar com o MDB de Temer e partidos menores, como o PRB, que tamb\u00e9m flerta com o presidente da C\u00e2mara, Rodrigo Maia (DEM-RJ) \u2013 outro pr\u00e9-candidato ao Planalto no espectro de centro. Dirigentes do MDB afirmam que a migra\u00e7\u00e3o de Meirelles para a sigla \u00e9 considerada, mas nada est\u00e1 fechado. O ministro tem dito que n\u00e3o aceitar\u00e1 ser vice. Ele pode mudar de partido at\u00e9 7 de abril e, se decidir mesmo disputar a Presid\u00eancia, ter\u00e1 de sair da Fazenda at\u00e9 essa data.<\/p>\n<p>\u201cAinda n\u00e3o parei para tomar a decis\u00e3o. N\u00e3o acho razo\u00e1vel um ministro de Estado j\u00e1 em campanha\u201d, argumentou Meirelles. \u201cTenho que analisar a viabilidade pol\u00edtico-partid\u00e1ria para avaliar a disposi\u00e7\u00e3o de concorrer.\u201d<\/p>\n<p>Antes, em entrevista \u00e0 R\u00e1dio Itatiaia, de Minas, o titular da Fazenda disse estar \u201ccontemplando\u201d o cen\u00e1rio, com a possibilidade de entrar na corrida presidencial. Questionado se aceitaria continuar no comando da economia se for indicado para o mesmo cargo pelo pr\u00f3ximo governante, em 2019, Meirelles foi mais enf\u00e1tico sobre seus planos eleitorais. \u201cAcho que a etapa como ministro da Fazenda \u00e9 uma etapa cumprida. Estamos agora contemplando essa nova etapa de uma poss\u00edvel candidatura \u00e0 Presid\u00eancia.\u201d<\/p>\n<p>No Planalto, as declara\u00e7\u00f5es de Meirelles foram interpretadas como tentativa de for\u00e7ar uma decis\u00e3o por parte do presidente. Em entrevista \u00e0 colunista do Estado Eliane Cantanh\u00eade, publicada em janeiro, Temer elogiou \u201ca intelig\u00eancia e a capacidade pol\u00edtica\u201d do ministro, mas disse preferir que ele ficasse na dire\u00e7\u00e3o da economia.<\/p>\n<p>O n\u00facleo pol\u00edtico do governo defende a candidatura de Temer, ancorada pelo mote da interven\u00e7\u00e3o na seguran\u00e7a do Rio, mas avalia que o \u201clan\u00e7amento\u201d prematuro do seu nome, por parte do marqueteiro Elsinho Mouco, n\u00e3o s\u00f3 causou desgaste como pode ter dado a impress\u00e3o de que a medida foi eleitoreira. O presidente n\u00e3o quer antecipar a campanha para n\u00e3o ser ainda mais criticado. Dono de alta impopularidade, ele pretende anunciar se ser\u00e1 ou n\u00e3o candidato apenas no fim de maio ou em junho.<\/p>\n<p>Previd\u00eancia. O problema \u00e9 que, diferentemente de Temer, Meirelles precisa deixar o cargo at\u00e9 o in\u00edcio de abril, se quiser concorrer ao Planalto. Nos bastidores, interlocutores do ministro dizem que, com o fracasso da reforma da Previd\u00eancia, ele ficou sem sua principal bandeira: o ajuste das contas p\u00fablicas. Al\u00e9m disso, no melhor dos cen\u00e1rios, se Maia e o ex-presidente Luiz In\u00e1cio Lula da Silva (PT) n\u00e3o forem candidatos, Meirelles n\u00e3o passa de 2% das inten\u00e7\u00f5es de voto, segundo pesquisa Datafolha do fim de janeiro. No mesmo levantamento, Temer aparece com 1% e o deputado Jair Bolsonaro (PSC-RJ) tem de 16% a 20% das prefer\u00eancias.<\/p>\n<div class=\"Erp2zyoB\">\n<div id=\"admateria4\">\u201cMeu hist\u00f3rico me d\u00e1 condi\u00e7\u00e3o de postular a candidatura. N\u00e3o h\u00e1 d\u00favida de que estou pensando nisso\u201d, comentou Meirelles, em entrevista \u00e0 r\u00e1dio CBN. Na lista das condi\u00e7\u00f5es para entrar no p\u00e1reo, ele citou a estrutura partid\u00e1ria, o tempo de TV e a avalia\u00e7\u00e3o de pesquisas qualitativas sobre o perfil de candidato desejado pelos eleitores. O maior tempo na propaganda pol\u00edtica \u00e9 do MDB de Temer.<\/div>\n<\/div>\n<p>A candidatura do presidente, por\u00e9m, enfrenta resist\u00eancias at\u00e9 no MDB. A avalia\u00e7\u00e3o \u00e9 de que, caso o partido tenha concorrente pr\u00f3prio nessa disputa, sobrar\u00e1 menos dinheiro do fundo eleitoral para ser distribu\u00eddo aos candidatos a deputado. Alguns parlamentares, no entanto, veem com bons olhos o nome de Meirelles por acreditar que ele teria como financiar a maior parte da campanha.<\/p>\n<p>A movimenta\u00e7\u00e3o pol\u00edtica de Meirelles come\u00e7ou a aumentar no primeiro semestre de 2017. Em junho, ele abriu conta no Twitter, na qual passou a postar not\u00edcias sobre resultados positivos da economia, e contratou o marqueteiro F\u00e1bio Veiga, da ag\u00eancia Neovox, para cuidar de sua imagem. No segundo semestre, iniciou maratona de entrevistas a r\u00e1dios e visitou igrejas evang\u00e9licas. Para ele, a viabilidade de sua candidatura est\u00e1 atrelada ao crescimento, \u00e0 recupera\u00e7\u00e3o do emprego e a um estado de \u201cbem-estar social\u201d.<\/p>\n<p>Fonte: Isto \u00c9 Dinheiro<\/p>\n<div><ins class=\"adsbygoogle\" data-ad-layout=\"in-article\" data-ad-format=\"fluid\" data-ad-client=\"ca-pub-1592119126114388\" data-ad-slot=\"2417983939\" data-adsbygoogle-status=\"done\"><ins id=\"aswift_1_expand\"><\/ins><\/ins><\/div>\n<\/div>\n<\/div>\n","protected":false},"excerpt":{"rendered":"<p>Um dia ap\u00f3s crescerem os rumores sobre uma eventual candidatura de Michel Temer a um segundo mandato, o ministro da Fazenda, Henrique Meirelles, admitiu nesta&#8230;<\/p>\n","protected":false},"author":1182,"featured_media":19487,"comment_status":"closed","ping_status":"closed","sticky":false,"template":"","format":"standard","meta":{"footnotes":""},"categories":[6],"tags":[],"class_list":["post-26115","post","type-post","status-publish","format-standard","has-post-thumbnail","hentry","category-noticias"],"_links":{"self":[{"href":"https:\/\/www.sincomam.org.br\/index.php\/wp-json\/wp\/v2\/posts\/26115","targetHints":{"allow":["GET"]}}],"collection":[{"href":"https:\/\/www.sincomam.org.br\/index.php\/wp-json\/wp\/v2\/posts"}],"about":[{"href":"https:\/\/www.sincomam.org.br\/index.php\/wp-json\/wp\/v2\/types\/post"}],"author":[{"embeddable":true,"href":"https:\/\/www.sincomam.org.br\/index.php\/wp-json\/wp\/v2\/users\/1182"}],"replies":[{"embeddable":true,"href":"https:\/\/www.sincomam.org.br\/index.php\/wp-json\/wp\/v2\/comments?post=26115"}],"version-history":[{"count":1,"href":"https:\/\/www.sincomam.org.br\/index.php\/wp-json\/wp\/v2\/posts\/26115\/revisions"}],"predecessor-version":[{"id":26116,"href":"https:\/\/www.sincomam.org.br\/index.php\/wp-json\/wp\/v2\/posts\/26115\/revisions\/26116"}],"wp:featuredmedia":[{"embeddable":true,"href":"https:\/\/www.sincomam.org.br\/index.php\/wp-json\/wp\/v2\/media\/19487"}],"wp:attachment":[{"href":"https:\/\/www.sincomam.org.br\/index.php\/wp-json\/wp\/v2\/media?parent=26115"}],"wp:term":[{"taxonomy":"category","embeddable":true,"href":"https:\/\/www.sincomam.org.br\/index.php\/wp-json\/wp\/v2\/categories?post=26115"},{"taxonomy":"post_tag","embeddable":true,"href":"https:\/\/www.sincomam.org.br\/index.php\/wp-json\/wp\/v2\/tags?post=26115"}],"curies":[{"name":"wp","href":"https:\/\/api.w.org\/{rel}","templated":true}]}}