{"id":26113,"date":"2018-02-23T09:16:48","date_gmt":"2018-02-23T12:16:48","guid":{"rendered":"http:\/\/www.sincomam.org.br\/?p=26113"},"modified":"2018-02-23T09:16:48","modified_gmt":"2018-02-23T12:16:48","slug":"pf-prende-presidente-da-fecomercio-do-rio","status":"publish","type":"post","link":"https:\/\/www.sincomam.org.br\/index.php\/pf-prende-presidente-da-fecomercio-do-rio\/","title":{"rendered":"PF prende presidente da Fecom\u00e9rcio do Rio"},"content":{"rendered":"<p>A Pol\u00edcia Federal prendeu na manh\u00e3 desta sexta-feira, 23, o presidente da Fecom\u00e9rcio do Rio, Orlando Diniz. A a\u00e7\u00e3o \u00e9 um desdobramento da Opera\u00e7\u00e3o Calicute, bra\u00e7o da Lava Jato no Estado. Em dezembro do ano passado, Orlando Diniz foi afastado do Sesc\/Senac, do Rio, pelo Superior Tribunal de Justi\u00e7a (STJ).<\/p>\n<p>Repasse de R$ 13.025.183,26, da Fecom\u00e9rcio do Rio ao escrit\u00f3rio de advocacia da ex-primeira-dama do Estado Adriana Ancelmo j\u00e1 havia sido alvo da Lava Jato. Em novembro de 2016, quando o ex-governador do Rio S\u00e9rgio Cabral (MDB) foi preso, o Minist\u00e9rio P\u00fablico Federal havia apontado um \u201ccrescimento vertiginoso\u201d da banca.<\/p>\n<p>A Pol\u00edcia Federal prendeu na manh\u00e3 desta sexta-feira, 23, o presidente da Fecom\u00e9rcio do Rio, Orlando Diniz. A a\u00e7\u00e3o \u00e9 um desdobramento da Opera\u00e7\u00e3o Calicute, bra\u00e7o da Lava Jato no Estado. Em dezembro do ano passado, Orlando Diniz foi afastado do Sesc\/Senac, do Rio, pelo Superior Tribunal de Justi\u00e7a (STJ).<\/p>\n<p>Repasse de R$ 13.025.183,26, da Fecom\u00e9rcio do Rio ao escrit\u00f3rio de advocacia da ex-primeira-dama do Estado Adriana Ancelmo j\u00e1 havia sido alvo da Lava Jato. Em novembro de 2016, quando o ex-governador do Rio S\u00e9rgio Cabral (MDB) foi preso, o Minist\u00e9rio P\u00fablico Federal havia apontado um \u201ccrescimento vertiginoso\u201d da banca.<\/p>\n<p>Na \u00e9poca, a for\u00e7a-tarefa da Lava Jato chamou a aten\u00e7\u00e3o para \u201co assombroso volume de recursos que a Fecom\u00e9rcio \u2013 Federa\u00e7\u00e3o das Ind\u00fastrias do Com\u00e9rcio do Rio \u2013 passou a desembolsar para o escrit\u00f3rio de Adriana Ancelmo principalmente em 2015 e 2016\u201d.<\/p>\n<div><ins class=\"adsbygoogle\" data-ad-layout=\"in-article\" data-ad-format=\"fluid\" data-ad-client=\"ca-pub-1592119126114388\" data-ad-slot=\"2417983939\" data-adsbygoogle-status=\"done\"><ins id=\"aswift_0_expand\"><\/ins><\/ins><\/div>\n","protected":false},"excerpt":{"rendered":"<p>A Pol\u00edcia Federal prendeu na manh\u00e3 desta sexta-feira, 23, o presidente da Fecom\u00e9rcio do Rio, Orlando Diniz. A a\u00e7\u00e3o \u00e9 um desdobramento da Opera\u00e7\u00e3o Calicute,&#8230;<\/p>\n","protected":false},"author":1182,"featured_media":11211,"comment_status":"closed","ping_status":"closed","sticky":false,"template":"","format":"standard","meta":{"footnotes":""},"categories":[6],"tags":[],"class_list":["post-26113","post","type-post","status-publish","format-standard","has-post-thumbnail","hentry","category-noticias"],"_links":{"self":[{"href":"https:\/\/www.sincomam.org.br\/index.php\/wp-json\/wp\/v2\/posts\/26113","targetHints":{"allow":["GET"]}}],"collection":[{"href":"https:\/\/www.sincomam.org.br\/index.php\/wp-json\/wp\/v2\/posts"}],"about":[{"href":"https:\/\/www.sincomam.org.br\/index.php\/wp-json\/wp\/v2\/types\/post"}],"author":[{"embeddable":true,"href":"https:\/\/www.sincomam.org.br\/index.php\/wp-json\/wp\/v2\/users\/1182"}],"replies":[{"embeddable":true,"href":"https:\/\/www.sincomam.org.br\/index.php\/wp-json\/wp\/v2\/comments?post=26113"}],"version-history":[{"count":1,"href":"https:\/\/www.sincomam.org.br\/index.php\/wp-json\/wp\/v2\/posts\/26113\/revisions"}],"predecessor-version":[{"id":26114,"href":"https:\/\/www.sincomam.org.br\/index.php\/wp-json\/wp\/v2\/posts\/26113\/revisions\/26114"}],"wp:featuredmedia":[{"embeddable":true,"href":"https:\/\/www.sincomam.org.br\/index.php\/wp-json\/wp\/v2\/media\/11211"}],"wp:attachment":[{"href":"https:\/\/www.sincomam.org.br\/index.php\/wp-json\/wp\/v2\/media?parent=26113"}],"wp:term":[{"taxonomy":"category","embeddable":true,"href":"https:\/\/www.sincomam.org.br\/index.php\/wp-json\/wp\/v2\/categories?post=26113"},{"taxonomy":"post_tag","embeddable":true,"href":"https:\/\/www.sincomam.org.br\/index.php\/wp-json\/wp\/v2\/tags?post=26113"}],"curies":[{"name":"wp","href":"https:\/\/api.w.org\/{rel}","templated":true}]}}